{"id":8,"date":"2019-10-19T07:45:14","date_gmt":"2019-10-19T05:45:14","guid":{"rendered":"http:\/\/www.fabriquesdesociologie.net\/LaPlaine\/?p=8"},"modified":"2020-12-29T15:04:47","modified_gmt":"2020-12-29T14:04:47","slug":"en-quete-de-territoires","status":"publish","type":"post","link":"https:\/\/www.fabriquesdesociologie.net\/LaPlaine\/index.php\/2019\/10\/19\/en-quete-de-territoires\/","title":{"rendered":"En( )qu\u00eate de territoires"},"content":{"rendered":"\n<p>Au cours de l\u2019ann\u00e9e 2018, j\u2019ai cr\u00e9\u00e9 au sein du laboratoire dont j\u2019assure la responsabilit\u00e9 \u00e0 l\u2019Universit\u00e9 Paris 8 Vincennes Saint-Denis, le laboratoire <a rel=\"noreferrer noopener\" aria-label=\"EXPERICE (s\u2019ouvre dans un nouvel onglet)\" href=\"https:\/\/experice.univ-paris13.fr\/\" target=\"_blank\">EXPERICE<\/a> (Centre de Recherche Interuniversitaire Exp\u00e9rience Ressources Culturelles \u00c9ducation), un nouvel axe de recherche que j\u2019ai nomm\u00e9 \u00ab\u00a0Territoires en exp\u00e9rience(s)\u00a0\u00bb [1]. Un coll\u00e8gue s\u2019exclame alors\u00a0: \u00ab\u00a0 mais cet intitul\u00e9 ne veut rien dire\u00a0\u00bb. Cette perspective de recherche s\u2019engageait donc sous les meilleurs auspices, \u00e0 savoir un doute radical, un doute qui emporte l\u2019intitul\u00e9 m\u00eame de la recherche, ce doute qui est le meilleur alli\u00e9, le plus fid\u00e8le ami du chercheur. J\u2019engageai donc cette recherche avec peu, sinon rien\u00a0; tout \u00e9tait \u00e0 inventer et \u00e0 construire, y compris la l\u00e9gitimit\u00e9 m\u00eame de la d\u00e9nomination. Je suis donc, depuis lors, en qu\u00eate de ces territoires suppos\u00e9s en exp\u00e9riences, et principalement dans des villes et des quartiers populaires, pour y exercer mon m\u00e9tier et y engager certains id\u00e9aux, pour y faire enqu\u00eate.<\/p>\n\n\n\n<p>Avant d\u2019engager un travail, je n\u2019\u00e9prouve pas le besoin de beaucoup l\u2019anticiper. Je suis assez r\u00e9tif aux objectifs et vraiment r\u00e9ticent par rapport \u00e0 l\u2019id\u00e9e de programme (scientifique). Cet axe \u00ab\u00a0Territoires en exp\u00e9rience(s)\u00a0\u00bb d\u00e9marra avec pour seul bagage quelques lignes de pr\u00e9sentation \u00e0 vis\u00e9e institutionnelle, en particulier pour l\u2019annonce de sa cr\u00e9ation sur le site internet du laboratoire\u00a0: \u00ab\u00a0Dans cet axe, il s\u2019agit d\u2019aborder les territoires \u00e0 partir, d\u2019une part, de l\u2019exp\u00e9rience que les habitants et citoyens en d\u00e9veloppent et, d\u2019autre part, des initiatives collectives qu\u2019ils prennent pour contribuer \u00e0 leur fabrication. Le territoire est donc principalement abord\u00e9 comme un espace d\u2019exp\u00e9rimentation et d\u2019apprentissage, propice au d\u00e9veloppement d\u2019une capacitation citoyenne critique. Dans une filiation de recherche-action, la th\u00e9matique Territoires en exp\u00e9rience(s) a pour objectif de contribuer \u00e0 d\u00e9velopper dans des zones urbaines et rurales populaires des \u00ab\u00a0permanences de recherche\u00a0\u00bb, \u00e0 savoir une d\u00e9marche de recherche conduite en coop\u00e9ration, dans la dur\u00e9e, favorisant la prise d\u2019initiative citoyenne et l\u2019\u00e9mergence de <em>communs<\/em>. Il s\u2019agit\u00a0: 1) de voir comment, conceptuellement et m\u00e9thodologiquement, les savoirs sp\u00e9cialis\u00e9s (art, architecture, sciences sociales, \u00e9ducation, etc.) contribuent \u00e0 un pouvoir citoyen, en collaboration avec les savoirs d\u2019exp\u00e9rience pr\u00e9sents dans les territoires et les savoirs d\u2019usage port\u00e9s par les collectifs mobilis\u00e9s ; 2) de r\u00e9fl\u00e9chir \u00e0 la fa\u00e7on de mutualiser les acquis de ces exp\u00e9riences, toujours tr\u00e8s contextualis\u00e9es, afin de contribuer \u00e0 leur mont\u00e9e en puissance citoyenne\u00a0; 3) d\u2019explorer et discuter les \u00ab\u00a0m\u00e9thodes de l\u2019\u00e9galit\u00e9\u00a0\u00bb mises en \u0153uvre au sein de ces exp\u00e9riences, afin d\u2019\u00e9viter que les discriminations de genre, de classe, de race, de savoir ne se rejouent au sein des coop\u00e9rations et des exp\u00e9rimentations\u00a0\u00bb.<\/p>\n\n\n\n<p> Dans la foul\u00e9e de la cr\u00e9ation de ce nouvel axe, j\u2019ai r\u00e9pondu \u00e0 un \u00ab\u00a0appel \u00e0 locaux\u00a0\u00bb lanc\u00e9 par la pr\u00e9sidence de l\u2019Universit\u00e9 Paris 8 pour l\u2019installation de certaines activit\u00e9s scientifiques de l\u2019\u00e9tablissement sur le nouveau campus qui s\u2019ouvre \u00e0 la Plaine Saint-Denis, sur la commune d\u2019Aubervilliers, au terminus du M\u00e9tro ligne 12, le <a href=\"https:\/\/www.campus-condorcet.fr\/\" target=\"_blank\" rel=\"noreferrer noopener\" aria-label=\"Campus Condorcet (s\u2019ouvre dans un nouvel onglet)\">Campus Condorcet<\/a> \u2013 Cit\u00e9 des humanit\u00e9s et des sciences sociales [2]. L\u2019Universit\u00e9 Paris 8 a fait le choix d\u2019y implanter plut\u00f4t des projets de recherche que des laboratoires, et a donc privil\u00e9gi\u00e9 des recherches \u00e9mergentes ou en cours de d\u00e9veloppement. La Commission Recherche de l\u2019Universit\u00e9 Paris 8 recevra positivement cette candidature et j\u2019obtiendrai que \u00ab\u00a0Territoires en exp\u00e9rience(s)\u00a0\u00bb soit domicili\u00e9 sur ce nouveau campus avec l\u2019attribution d\u2019une salle de travail d\u2019environ 25 ou 30 m\u00b2, dont je ne connais pas encore la localisation pr\u00e9cise au moment o\u00f9 je r\u00e9dige ces lignes, hormis le fait qu\u2019elle est situ\u00e9e n\u00e9cessairement dans le b\u00e2timent Nord o\u00f9 sont regroup\u00e9s les locaux affect\u00e9s \u00e0 notre \u00e9tablissement\u00a0; le d\u00e9m\u00e9nagement des chercheurs vers ce nouveau site se fera \u00e0 partir de la fin ao\u00fbt 2019 et s\u2019\u00e9talera certainement jusqu\u2019\u00e0 l\u2019automne.<\/p>\n\n\n\n<p>J\u2019ai d\u00e9couvert \u00ab\u00a0physiquement\u00a0\u00bb le Campus assez tardivement, alors que les b\u00e2timents \u00e9taient d\u00e9j\u00e0 sortis de terre. J\u2019\u00e9tais parti en ballade exploration \u00e0 la Plaine Saint-Denis avec Louis Staritzky dont la th\u00e8se porte sur les micro-exp\u00e9rimentations urbaines et la fabrication autonome de la ville, \u00e0 partir en particulier d\u2019une lecture de l\u2019\u0153uvre d\u2019Henri Lefebvre [3]. Nous avons pris l\u2019habitude de discuter de l\u2019avanc\u00e9e de sa recherche doctorale le temps d\u2019une marche, souvent au bord du canal. Rien de mieux pour parler \u00ab\u00a0urbain\u00a0\u00bb que de le faire en plein air (en pleine ville) les pieds au sol et la t\u00eate dans les concepts. Ce jour-l\u00e0, nous avons donc d\u00e9couvert le Campus d\u00e9j\u00e0 largement b\u00e2ti et nous avons pris conscience de l\u2019envergure de cette implantation universitaire. C\u2019est en contournant le chantier et en prenant connaissance du plan d\u2019ensemble du site, affich\u00e9 \u00e0 proximit\u00e9 de la sortie du m\u00e9tro, que j\u2019ai eu envie de venir y travailler, d\u2019abord sur un mode amus\u00e9\u00a0: \u00ab\u00a0wouah\u00a0! Le beau jouet. Nous aussi nous voulons en \u00eatre\u00a0\u00bb. Je suis politiquement tr\u00e8s r\u00e9serv\u00e9 par rapport \u00e0 ces op\u00e9rations de prestige, de si grande ampleur, qui s\u2019apparentent le plus souvent \u00e0 des grands \u00e9quipements inutiles, surtout quand ce type d\u2019\u00e9quipement s\u2019installe \u00e0 proximit\u00e9 de quartiers pauvres o\u00f9 les services publics font cruellement d\u00e9faut. Je ne crois pas que le plus grand, le plus visible, soit n\u00e9cessairement le plus pertinent, et je reste sceptique sur l\u2019int\u00e9r\u00eat de concentrer la recherche en sciences sociales. Ce mod\u00e8le convient peut-\u00eatre aux sciences \u00ab\u00a0dures\u00a0\u00bb, aux sciences \u00ab\u00a0exp\u00e9rimentales\u00a0\u00bb, qui fonctionnent avec des \u00e9quipements lourds \u00e0 mutualiser et des \u00e9quipes nombreuses. La recherche en sciences sociales peut elle, au contraire, trouver de l\u2019int\u00e9r\u00eat \u00e0 se d\u00e9multiplier pour varier ses contextes de travail et ses prises de r\u00e9alit\u00e9 sur la soci\u00e9t\u00e9 et \u00e0 se diss\u00e9miner dans les territoires afin de moduler ses interactions avec la vie sociale.<\/p>\n\n\n\n<p>N\u00e9anmoins, le d\u00e9fi est lanc\u00e9 et ce campus va progressivement accueillir plusieurs centaines de chercheur-es. L\u2019exp\u00e9rience est in\u00e9dite, au moins dans le contexte fran\u00e7ais. Comment les chercheur-es en sciences sociales vont-ils se saisir de cet \u00ab\u00a0instrument\u00a0\u00bb de travail\u00a0? En quoi ce changement d\u2019\u00e9chelle va-t-il affecter les modes de production de la recherche\u00a0? Est-ce que l\u2019envergure du campus va faciliter les rencontres de recherche, inciter \u00e0 la collaboration et ouvrir de nouvelles perspectives\u00a0? Est-ce que ce sur-\u00e9quipement signe la transformation de l\u2019universit\u00e9 en \u00ab\u00a0entreprise de recherche\u00a0\u00bb ou est-ce que ce changement d\u2019\u00e9chelle contribuera, au contraire, \u00e0 d\u00e9cloisonner la recherche, la sortir de ses p\u00e9rim\u00e8tres acad\u00e9miques et disciplinaires et cr\u00e9er les conditions de coop\u00e9rations \u00e9largies et, possiblement, d\u2019instauration d\u2019authentiques \u00ab\u00a0communs\u00a0\u00bb de la connaissance\u00a0? Le pari est ouvert. Je suis curieux de vivre, d\u2019observer et, possiblement, de penser l\u2019\u00e9mergence de cette \u00ab\u00a0multitude\u00a0\u00bb [4] scientifique. Il s\u2019agit d\u2019un motif fort qui m\u2019incite \u00e0 y travailler car, dans une carri\u00e8re universitaire, cet \u00e9v\u00e9nement \u2013 emm\u00e9nager dans un campus qui ouvre \u2013 est exceptionnel, en tout cas sans pr\u00e9c\u00e9dent pour moi.  <\/p>\n\n\n\n<p>Campus Condorcet est un territoire en soi, avec ses 11 b\u00e2timents [5]. Comment un tel espace va-t-il prendre vie\u00a0? Comment va-t-il s\u2019int\u00e9grer dans le tissu urbain qui l\u2019accueille\u00a0? Le chantier lui-m\u00eame semble avoir \u00e9t\u00e9 conduit de mani\u00e8re tr\u00e8s classique sans initiatives ou attentions particuli\u00e8res, lors des travaux, envers les quartiers environnants et les habitant-es concern\u00e9-es alors qu\u2019une nouvelle g\u00e9n\u00e9ration d\u2019architectes pr\u00f4ne et exp\u00e9rimente, de mani\u00e8re probante, des formes de \u00ab\u00a0chantier ouvert\u00a0\u00bb avec l\u2019objectif, au commencement des travaux, de tisser des interfaces avec ce qui constitue d\u00e8s le d\u00e9but de la construction un \u00ab\u00a0voisinage\u00a0\u00bb. On aurait pu esp\u00e9rer que le chantier de construction d\u2019une \u00ab\u00a0cit\u00e9 des humanit\u00e9s et des sciences sociales\u00a0\u00bb se montre plus audacieux. \u00ab\u00a0Les chantiers, d\u2019ordinaire interdits au public pour des raisons de s\u00e9curit\u00e9, sont associ\u00e9s aux nuisances (bruits, poussi\u00e8re, passage de camions) et cach\u00e9s \u00e0 la vue des passants par des palissades pour des temps souvent longs. Isol\u00e9s de la ville par des barri\u00e8res, ils sont ainsi des lieux rel\u00e9gu\u00e9s, visuellement et spatialement mais aussi socialement. Ce sont les lieux d\u2019un travail d\u00e9valoris\u00e9 (les \u00ab\u00a0basses \u0153uvres\u00a0\u00bb) [\u2026]. \u00c0 l\u2019encontre de cette logique, des collectifs d\u2019architectes renversent radicalement la perspective du chantier pour en faire un espace \u00e0 part enti\u00e8re d\u2019une ville en mouvement, en d\u00e9veloppement, en fabrication. \u00ab\u00a0Le Collectif Etc, association fond\u00e9e par des jeunes architectes, ouvre ses chantiers d\u2019espaces publics aux habitants en organisant des ateliers (menuiserie, jardinage) permettant de participer aux travaux et des \u00e9v\u00e9nements publics tels que des d\u00e9bats ou des repas partag\u00e9s, dans l\u2019id\u00e9e de promouvoir des espaces r\u00e9alis\u00e9s en coproduction par les habitants et les services techniques de la ville. [\u2026] Patrick Bouchain veut, dans ses projets [&#8230;] faire du chantier un \u00ab\u00a0acte culturel\u00a0\u00bb, en l\u2019ouvrant d\u00e8s le d\u00e9but des travaux \u00e0 des visites, des conf\u00e9rences, des concerts. Son id\u00e9e ma\u00eetresse est d\u2019am\u00e9nager la baraque de chantier pour favoriser les interactions entre les ouvriers et les utilisateurs du lieu, maintenus dans leurs locaux le temps du chantier\u00a0\u00bb [6].  <\/p>\n\n\n\n<p>Si peu a \u00e9t\u00e9 tent\u00e9 lors de la phase de construction, alors beaucoup va donc devoir \u00eatre exp\u00e9riment\u00e9 lors de la phase d\u2019am\u00e9nagement et d\u2019installation des \u00e9quipes [7]. Il est significatif de constater que sur le site internet du Campus, aucune rubrique en page d\u2019accueil n\u2019est consacr\u00e9e aux liens du campus avec son environnement, \u00e0 d\u2019\u00e9ventuelles initiatives avec les habitant-es du territoire ou, encore, \u00e0 la fa\u00e7on dont ce campus pr\u00e9tend faire ville dans son rapport avec l\u2019ensemble des territoires attenants. Dans le bandeau d\u2019accueil du site, une rubrique est consacr\u00e9e \u00e0 \u00ab\u00a0La vie sur le campus\u00a0\u00bb, aucune d\u00e9di\u00e9e \u00e0 \u00ab\u00a0La vie du campus dans son territoire\u00a0\u00bb. En cliquant sur l\u2019entr\u00e9e \u00ab\u00a0La vie sur le campus\u00a0\u00bb, il est possible de lire qu\u2019\u00ab\u00a0en lien avec les b\u00e2timents, le Campus Condorcet mettra en place un ensemble coh\u00e9rent de services pour faire du campus un quartier pour chacun\u00a0\u00bb. Son d\u00e9veloppement semble donc plut\u00f4t pens\u00e9 sur un mode auto-centr\u00e9, en tant qu\u2019unit\u00e9 urbaine poss\u00e9dant possiblement sa coh\u00e9rence propre.<\/p>\n\n\n\n<p>N\u00e9anmoins, toujours sur son site internet, le Campus annonce sa vocation de \u00ab\u00a0campus urbain, pleinement int\u00e9gr\u00e9 dans des zones elles-m\u00eames en rapide et profonde transformation, aussi bien \u00e0 Paris (projet Paris Nord-Est), qu\u2019\u00e0 Aubervilliers o\u00f9 il s\u2019\u00e9tendra au nord de la Place du Front Populaire. Ses milliers de doctorants, d\u2019\u00e9tudiants et de chercheurs contribueront \u00e0 l\u2019animation de ces nouveaux quartiers, pour lesquels le Campus sera le vecteur d\u2019une nouvelle identit\u00e9\u00a0\u00bb. Une initiative r\u00e9cente abonde dans ce sens\u00a0; il s\u2019agit de l\u2019appel d\u2019offre de recherche 2020 lanc\u00e9 conjointement par la Maison des Sciences de l\u2019Homme Paris Nord (mitoyenne du Campus) et Campus Condorcet sur le th\u00e8me \u00ab\u00a0Campus universitaires et territoires\u00a0\u00bb avec pour orientations\u00a0: \u00ab\u00a0la comparaison nationale et internationale de dynamiques territoriales port\u00e9es par des implantations universitaires ; les attentes des acteurs institutionnels, des entreprises, des habitants et des salari\u00e9s sur le territoire nord francilien (culture, services, transports, loisirs, vie sociale, etc.) vis-\u00e0-vis du monde universitaire ; les possibilit\u00e9s d\u2019investissement de la communaut\u00e9 universitaire sur le territoire\u00a0\u00bb.  <\/p>\n\n\n\n<p>En tant que chercheur, je rejoins donc d\u2019ici la fin 2019 ce campus en \u00e9tant habit\u00e9 par ces nombreux doutes et questions, d\u2019autant plus vives et pr\u00e9gnantes pour moi que je les porte aussi en tant qu\u2019habitant. En effet, depuis ma prise de fonction comme professeur \u00e0 l\u2019Universit\u00e9 Paris 8, en septembre 2015, je r\u00e9side en semaine \u00e0 Saint-Denis (le week-end je rejoins ma famille dans une m\u00e9tropole r\u00e9gionale du Sud de la France). J\u2019ai d\u2019abord occup\u00e9 un logement situ\u00e9 dans un petit immeuble de la rue Fontaine, une rue qui croise l\u2019axe important de la rue de la R\u00e9publique, dans le \u00ab\u00a0vieux\u00a0\u00bb centre-ville de Saint-Denis, \u00e0 deux pas de la Basilique, et, depuis trois ans, dans un appartement au 5<sup>e<\/sup> \u00e9tage du 135 rue Gabriel P\u00e9ri, en face de la cit\u00e9 du m\u00eame nom. J\u2019apprends \u00e0 conna\u00eetre cette ville\u00a0; et, autant comme habitant que comme sociologue, je prends conscience de l\u2019ampleur des enjeux urbains qui l\u2019affectent.<\/p>\n\n\n\n<p>Depuis plusieurs ann\u00e9es, je tente de \u00ab\u00a0faire recherche\u00a0\u00bb \u00e0 Saint-Denis, dans ma ville d\u2019adoption, en complicit\u00e9 avec mon amie chercheuse Martine Bodineau, elle dyonisienne depuis la fin des ann\u00e9es quatre-vingt. Nous le faisons dans le cadre de notre r\u00e9seau <a href=\"http:\/\/www.fabriquesdesociologie.net\/\" target=\"_blank\" rel=\"noreferrer noopener\" aria-label=\"Les Fabriques de sociologie (s\u2019ouvre dans un nouvel onglet)\">Les Fabriques de sociologie<\/a>, \u00e0 l\u2019occasion en particulier de nos rencontres \u00ab\u00a0Faire la ville en commun\u00a0\u00bb [8]. Nous le faisons aussi en compagnie des \u00e9tudiant-es du Master \u00ab\u00a0\u00c9ducation Tout au Long de la Vie\u00a0\u00bb, dans le cadre d\u2019un atelier-laboratoire qui invite les \u00e9tudiant-es \u00e0 venir en recherche sur les territoires de Saint-Denis et de mener l\u2019enqu\u00eate en collaboration avec des collectifs citoyens, que ce soit en centre-ville ou que ce soit \u00e0 La Plaine. L\u2019atelier en est \u00e0 sa sixi\u00e8me \u00e9dition, et il a toujours b\u00e9n\u00e9fici\u00e9 d\u2019un appui financier de l\u2019Universit\u00e9 Paris 8, d\u2019abord dans le cadre de son projet d\u2019excellence p\u00e9dagogique IDEFI-Cr\u00e9aTic et, aujourd\u2019hui, dans celui de son \u00c9cole Universitaire de Recherche ArTeC [9]. Les nombreuses coop\u00e9rations nou\u00e9es avec des Collectifs de Saint-Denis, dans le cadre de cette formation-recherche de Master, aura prouv\u00e9 combien la recherche en sciences sociales, d\u00e8s lors qu\u2019elle se d\u00e9veloppe dans les termes d\u2019une coop\u00e9ration (en co-recherche et en co-cr\u00e9ation), constitue un authentique \u00ab\u00a0\u00e9quipement d\u00e9mocratique\u00a0\u00bb contribuant \u00e0 soutenir les initiatives des habitant-es et permettant d\u2019envisager une ville qui se fabrique aussi \u00ab\u00a0en commun\u00a0\u00bb, sur un mode plus autonome, radicalement par le \u00ab\u00a0bas\u00a0\u00bb, au rez-de-chauss\u00e9e des voisinages et des convivialit\u00e9s, des mobilisations et des luttes urbaines. Ces dynamiques sont bien connues et document\u00e9es par ceux et celles qui se pr\u00e9occupent de recherche-action [10].<\/p>\n\n\n\n<p>C\u2019est donc outill\u00e9 par ces exp\u00e9riences \u2013 mes exp\u00e9riences de chercheur et mes exp\u00e9riences d\u2019habitant \u2013 que je prends pieds \u00e0 Campus Condorcet.<\/p>\n\n\n\n<p>Avec les autres chercheur-es, associ\u00e9es \u00e0 \u00ab\u00a0Territoires en exp\u00e9rience(s)\u00a0\u00bb, nous nous pr\u00e9parons donc \u00e0 d\u00e9couvrir cette implantation universitaire qui repr\u00e9sente une \u00e9ni\u00e8me transformation des territoires de la Plaine Saint-Denis, en complet chamboulement urbain depuis les ann\u00e9es quatre-vingt dix, et nous nous plaisons \u00e0 engager cette (con)qu\u00eate de connaissances avec comme seul instrument notre tr\u00e8s modeste axe de recherche, lui aussi \u00e0 peine sorti des limbes.  <\/p>\n\n\n\n<p>Lors d\u2019une r\u00e9union de pr\u00e9sentation des moyens num\u00e9riques du Campus, au printemps dernier, dans le grand amphi de la Maison des Sciences de l\u2019Homme Paris Nord, associant les responsables des \u00e9quipes concern\u00e9es par ce d\u00e9m\u00e9nagement, j\u2019ai pris conscience, avec amusement, de ce dont je me doutais, \u00e0 savoir que je suis un chercheur de peu, de tr\u00e8s peu, en regard de certains laboratoires annon\u00e7ant quarante ou quatre-vingts personnels. Ces coll\u00e8gues s\u2019inqui\u00e9taient vraiment de leur d\u00e9m\u00e9nagement et soulevaient nombre de questions techniques, dont je n\u2019avais pas m\u00eame id\u00e9e. Partant de rien, n\u2019ayant pas m\u00eame la l\u00e9gitimit\u00e9 d\u2019un intitul\u00e9 reconnu acad\u00e9miquement, n\u2019ayant rien \u00e0 d\u00e9m\u00e9nager, mon axe ne poss\u00e9dant pas m\u00eame une chaise, je vais int\u00e9grer le Campus l\u2019\u00e2me (scientifique) plut\u00f4t sereine. Comme je l\u2019\u00e9crivais \u00e0 mes coll\u00e8gues dans le compte-rendu que je leur adressais de cette r\u00e9union, \u00ab\u00a0Le \u00ab\u00a0rien\u00a0\u00bb est difficile \u00e0 conceptualiser mais facile \u00e0 transporter\u00a0\u00bb.<\/p>\n\n\n\n<p>Qu\u2019est-ce qu\u2019un chercheur de peu [11] va trouver \u00e0 faire \u00e0 Campus Condorcet\u00a0? Je suis en terrain (de recherche) connu ayant pass\u00e9 une bonne part de ma vie de chercheur \u00e0 investiguer et \u00e0 th\u00e9oriser les approches micrologiques, les micropolitiques, les dynamiques collectives et les exp\u00e9rimentations citoyennes [12], et souvent \u00e0 le faire, \u00e0 l\u2019image des collectifs avec lesquels je coop\u00e9rais, sans moyens, en m\u2019appuyant essentiellement sur une \u00ab\u00a0\u00e9conomie de la motivation\u00a0\u00bb.   <\/p>\n\n\n\n<p>Dans l\u2019argumentaire de ma candidature \u00e0 l\u2019appel \u00e0 locaux, j\u2019avais soulign\u00e9 deux points \u00e0 destination de la Commission recherche de l\u2019Universit\u00e9 Paris 8\u00a0: \u00ab\u00a0a) Les recherches d\u00e9velopp\u00e9es dans le cadre de la th\u00e9matique \u00ab\u00a0Territoires en exp\u00e9rience(s)\u00a0\u00bb concernent pour partie les quartiers populaires du Nord de Paris, en proximit\u00e9 desquels le Campus Condorcet est implant\u00e9. L\u2019installation \u00e0 Campus Condorcet nous permettra aussi de documenter les interactions qui se feront jour (ou non) entre ce p\u00f4le de recherche et les quartiers populaires qui l\u2019environnent et, possiblement, de prendre des initiatives en ce sens. b) Les travaux engag\u00e9s dans le cadre de la th\u00e9matique \u00ab\u00a0Territoires en exp\u00e9rience(s)\u00a0\u00bb s\u2019inscrivent dans des d\u00e9marches de coop\u00e9ration avec les habitants, citoyens et usagers. Nous int\u00e9grons donc \u00e0 l\u2019\u00e9quipe des praticien-nes-chercheur-es [13] avec qui nous avons nou\u00e9 des relations r\u00e9guli\u00e8res de travail et qui ont d\u00e9velopp\u00e9 une exp\u00e9rience de recherche (non universitaire)\u00a0\u00bb.  <\/p>\n\n\n\n<p>Campus Condorcet repr\u00e9sente donc pour l\u2019\u00e9quipe constitu\u00e9e dans \u00ab\u00a0Territoires en exp\u00e9rience(s)\u00a0\u00bb \u00e0 la fois un lieu de travail et un terrain d\u2019investigation. Pour le plaisir d\u2019une mise en abyme, il est possible de souligner que notre \u00e9quipe de recherche pr\u00e9occup\u00e9e par les questions de territoire va se mettre en recherche sur un territoire (certains quartiers d\u2019Aubervilliers et de Saint-Denis) qui constitue, aussi, par ailleurs, son territoire institutionnel de travail.<\/p>\n\n\n\n<p>Nous nous pr\u00e9parons donc \u00e0 \u00ab\u00a0faire enqu\u00eate\u00a0\u00bb \u00e0 Condorcet, sans \u00eatre commandit\u00e9s pour cela, sans autre l\u00e9gitimit\u00e9 que celle d\u2019une \u00e9quipe qui met au c\u0153ur de son \u00e9pist\u00e9mologie des d\u00e9marches de coop\u00e9ration avec les personnes et collectifs concern\u00e9s et qui va donc \u0153uvrer \u00e0 Condorcet comme elle le fait habituellement sur ses autres \u00ab\u00a0terrains\u00a0\u00bb. Mais nous allons y faire recherche \u00e0 notre mesure, \u00e0 une \u00e9chelle de travail correspondant \u00e0 la fois \u00e0 nos moyens (modestes) et \u00e0 notre sensibilit\u00e9 (micrologique). Un campus comme Condorcet existe \u00e9videmment \u00e0 travers une politique de site, impliquant les diff\u00e9rents \u00e9tablissement d\u2019enseignement et de recherche fondateurs du projet. Ce niveau strat\u00e9gique, en mode tr\u00e8s \u00ab\u00a0majuscule\u00a0\u00bb, nous importe car, comme tous citoyens, nous sommes pr\u00e9occup\u00e9s par les qualit\u00e9s d\u00e9mocratiques de l\u2019administration des grands \u00e9quipements publics. Mais, en tant que chercheur-es nous n\u2019articulons pas notre travail prioritairement sur ce plan macrologique, m\u00eame si nous le prenons en compte. Nous pensons qu\u2019un campus existe aussi \u00e0 travers une multiplicit\u00e9 de lieux, de composantes et d\u2019initiatives d\u2019acteurs, en fait \u00e0 travers la diversit\u00e9 et la transversalit\u00e9 de ses liens avec les territoires environnants et les acteurs en voisinage. Un campus est une pluralit\u00e9 active, vivante. Il interagit avec son environnement par mille entr\u00e9es. Il s\u2019agit d\u2019un agencement mouvant, modulant sa vie et son activit\u00e9 en fonction de jeux d\u2019acteurs tr\u00e8s ouverts. Nous allons donc nous mettre au travail \u00e0 ce niveau micrologique, en quelque sorte au rez-de-chauss\u00e9e de la ville et du campus, \u00e0 partir de r\u00e9alit\u00e9s, en petit nombre, qui feront signe pour nous, en acceptant compl\u00e8tement l\u2019id\u00e9e que d\u2019autres chercheurs ou observateurs acc\u00e9deront \u00e0 de toutes autres r\u00e9alit\u00e9s, se saisiront d\u2019autres signes, en fonction de ce qui importe pour eux. Comme n\u2019importe quel fait urbain, le campus est constitu\u00e9 de multiples p\u00e9riph\u00e9ries, d\u2019une grande diversit\u00e9 d\u2019interfaces avec le reste de la ville et d\u2019une aussi grande diversit\u00e9 d\u2019interactions avec les acteurs en voisinage. Le campus s\u2019impr\u00e8gne de la ville par mille porosit\u00e9s et la ville affecte pareillement le campus par autant de passages, de traverses ou de pontages. Un campus de la taille de Condorcet est un fait urbain innombrable. Ses zones de friction avec les territoires alentour ne peuvent pas \u00eatre d\u00e9termin\u00e9es <em>a priori<\/em>, ni limit\u00e9es, ni facilement d\u00e9limit\u00e9es. Un campus, \u00e7a transite, \u00e7a fuit de toute part, ainsi qu\u2019aurait pu le souligner Deuleuze&amp;Guattari, \u00e7a traverse, \u00e7a \u00e9tend et \u00e7a d\u00e9tend, \u00e7a distend, \u00e7a frictionne \u00e0 de multiples endroits, \u00e7a transpire par tous ses pores, \u00e7a transpire du lien, du possible, des enjeux. Nous avons l\u2019intention de nous saisir de quelques unes de ces transpirations et respirations pour en faire recherche, pour y faire recherche, en ayant conscience d\u2019en saisir fort peu mais en ayant aussi, en m\u00eame temps, la profonde conviction que d\u2019autres acteurs, observateurs, analystes s\u2019en saisiront autrement, \u00e0 partir de points de vue autres, radicalement autres. Le regard se d\u00e9multiplie pour saisir une r\u00e9alit\u00e9 urbaine qui est elle-m\u00eame, objectivement, une multiplication.  <\/p>\n\n\n\n<p>Un fait urbain de l\u2019envergure d\u2019un campus peut donc s\u2019\u00e9tudier sur le plan d\u2019une mise en coh\u00e9rence globale \u2013 Campus Condorcet en tant qu\u2019acteur institutionnel, avec ses instances de d\u00e9cision et sa vie plus ou moins d\u00e9mocratique \u2013 mais aussi sur le plan du nombre ind\u00e9fini de ses devenirs-minoritaires, en rapport avec la diversit\u00e9 des acteurs, des instances et des composantes qui le constituent. Nous attraperons certains de ces possibles, nous nous glisserons l\u00e0 o\u00f9 une ouverture se pr\u00e9sentera, nous braconnerons de la connaissance autant que nous en serons capables\u00a0; nous nous introduirons, nous nous glisserons, nous cheminerons\u00a0; nous explorerons et nous survolerons, nous entreb\u00e2illerons et nous laisserons filer notre regard. Nous saisirons certains fils, nous embo\u00eeterons le pas \u00e0 certains processus, nous nous laisserons emporter par certaines dynamiques. Notre recherche sera elle aussi poreuse, respirante et inspirante, parcellaire et cellulaire, plurielle et pluraliste. Et ceci n\u2019est \u00e9videmment pas un programme.  <\/p>\n\n\n\n<p>Nous laissons le global et la recherche \u00ab\u00a0en majuscule\u00a0\u00bb \u00e0 ceux qui sont en capacit\u00e9 et en motivation institutionnelles de le faire, et d\u2019agir financi\u00e8rement, mat\u00e9riellement, effectivement (effectif en personnels) \u00e0 cette mesure. Pour notre part, nous op\u00e9rons en mode mineur \u2013 une recherche \u00e9crite en lettres minuscules \u2013, sous la forme de perc\u00e9es et de travers\u00e9es dans la \u00ab\u00a0mati\u00e8re\u00a0\u00bb m\u00eame du lieu, en plein milieu, en plein dans son milieu (de vie) mais sans circonscrire, d\u00e9limiter, englober. Les r\u00e9alit\u00e9s filent toujours entre nos doigts, et nous les laissons s\u2019\u00e9chapper apr\u00e8s y avoir collect\u00e9 (ponctionn\u00e9) une petite part de compr\u00e9hension. C\u2019est ainsi que nous partons en (en)qu\u00eate de territoires sans pr\u00e9tendre les saisir ou les re\/d\u00e9tenir.  <\/p>\n\n\n\n<p>D\u00e8s cet automne, au moment o\u00f9 \u00ab\u00a0Territoires en exp\u00e9rience(s)\u00a0\u00bb s\u2019installera \u00e0 Condorcet, je vais engager avec mon coll\u00e8gue du Laboratoire Experice, Louis Staritzky, une \u00ab\u00a0permanence recherche\u00a0\u00bb \u00e0 la Plaine Saint-Denis.<\/p>\n\n\n\n<p>Une \u00ab\u00a0permanence recherche\u00a0\u00bb est un moyen pour nous de faire recherche en continuit\u00e9, de mani\u00e8re r\u00e9guli\u00e8re et sur une dur\u00e9e suffisamment longue. Ce dispositif \u00e9pist\u00e9mologique s\u2019appuie centralement sur une \u00ab\u00a0rythmanalyse\u00a0\u00bb pour reprendre cette heureuse formulation \u00e0 Henri Lefebvre [14]. Faire recherche de mani\u00e8re rythm\u00e9e, presque rythmique, afin d\u2019acc\u00e9der aux variations et aux modulations d\u2019un territoire. Car seules la dur\u00e9e et la continuit\u00e9 permettent d\u2019approcher la respiration d\u2019un milieu de vie et d\u2019activit\u00e9, d\u2019en entendre le souffle.  <\/p>\n\n\n\n<p>La r\u00e9gularit\u00e9 est donc essentielle. Nous envisageons de tenir cette permanence tous les mardis. Comment ce dispositif va-t-il s\u2019amorcer\u00a0? Somme toute tr\u00e8s simplement. Chaque mardi \u00e0 14h, nous nous retrouverons autour d\u2019un caf\u00e9 dans notre salle de travail \u00e0 Campus Condorcet\u00a0; certains coll\u00e8gues ou ami-es nous aurons rejoint et nous conviendrons alors d\u2019une modalit\u00e9 de travail. Il pourra s\u2019agir d\u2019une discussion \u00e0 prolonger, d\u2019une initiative \u00e0 pr\u00e9parer, d\u2019une exploration \u00e0 aventurer, d\u2019une pr\u00e9sence \u00e0 risquer, d\u2019une parole publique \u00e0 hasarder\u2026  <\/p>\n\n\n\n<p>Cette permanence recherche comme mode de pr\u00e9sence et d\u2019attention \u00e0 un territoire aura certainement \u00e0 voir avec des exp\u00e9riences que nous engageons actuellement dans des quartiers populaires d\u2019autres agglom\u00e9rations\u00a0:<\/p>\n\n\n\n<p>\n&#8211; elle variera certainement ses \u00e9critures et ses mani\u00e8res\nd\u2019\u00e9ditorialiser une quotidiennet\u00e9 urbaine, possiblement sous la\nforme d\u2019un fanzine, ainsi que le pratique r\u00e9guli\u00e8rement Louis\nStaritzky [15], ou d\u2019un journal de recherche donn\u00e9 publiquement \u00e0\nlire, comme l\u2019exp\u00e9rimente Thomas Arnera dans le quartier Mermoz \u00e0\nVilleurbanne [16].<\/p>\n\n\n\n<p>\n&#8211; elle nous invitera in\u00e9vitablement \u00e0 r\u00e9fl\u00e9chir \u00e0 la mani\u00e8re de\nfaire collaboratif, comme nous l\u2019enseigne Martine Bodineau [17].<\/p>\n\n\n\n<p>\n&#8211; elle ne manquera pas de nous entra\u00eener dans de stimulantes\n\u00ab&nbsp;d\u00e9rives&nbsp;\u00bb urbaines [18].<\/p>\n\n\n\n<p>\n&#8211; elle sera assur\u00e9ment l\u2019occasion d\u2019explorer les multiples\nfa\u00e7ons de \u00ab&nbsp;faire recherche en r\u00e9ciprocit\u00e9&nbsp;\u00bb afin de\nd\u00e9faire les relations d\u2019autorit\u00e9 et de disqualication inh\u00e9rentes\n\u00e0 la structuration du rapport social de savoir au sein de notre\nsoci\u00e9t\u00e9. Comment coop\u00e9rer en permettant effectivement \u00e0 chacun de\nprendre part&nbsp;? Ce partage du sensible, ce partage entre la\n\u00ab&nbsp;part et l\u2019absence de part&nbsp;\u00bb, ainsi que le nomme\nJacques Ranci\u00e8re, est essentiel dans notre pratique de la recherche\n[19].<\/p>\n\n\n\n<p>\n&#8211; elle nous accordera le plaisir de conter de belles histoires\ncollectives, ainsi que nous y encourage Benjamin Roux [20] \u2013 des\nhistoires de r\u00e9sistances quotidiennes, de migrations, de luttes\nurbaines, de convivialit\u00e9, de voisinage, d\u2019engagement\u2026, des\nhistoires qui viennent parler d\u2019espoir sans rien masquer des\nduret\u00e9s de vie et de la violence des in\u00e9galit\u00e9s, classistes et\nraciales. \n<\/p>\n\n\n\n<p>Et, naturellement, cette composition d\u00e9brid\u00e9e et hybrid\u00e9e de la recherche, qui joue des transversales et des lat\u00e9ralit\u00e9s, et s\u2019amuse des changements de plans, nous aidera \u00e0 \u00ab\u00a0faire universit\u00e9 hors-les-murs\u00a0\u00bb, selon le bel argument d\u2019Amandine Dupraz [21].<\/p>\n\n\n\n<p>\nEt ceci n\u2019est pas un programme [22].<\/p>\n\n\n\n<p>La question majeure qui se pose \u00e0 nous n\u2019est pas tant de savoir comment le Campus Condorcet va se rapporter aux quartiers qui l\u2019environnent mais, bien plut\u00f4t, de comprendre ce que ces quartiers vont faire avec ce campus, en quoi ils ont \u00e0 faire avec lui, ce qui motiverait qu\u2019il trouve quelque chose \u00e0 faire avec lui.  <\/p>\n\n\n\n<p>Un lieu est toujours en voisinage. Et la question de ce qui fait voisinage pour Campus Condorcet nous importe. Des voisins et non des riverains. Les habitants, nos voisins du quartier, les r\u00e9parateurs de rue, nos voisins dans l\u2019activit\u00e9, les migrants, nos voisins au quotidien, les travailleurs nos voisins en labeur (et en exploitation), les militants urbains, nos voisins en mobilisation\u2026 Chaque voisinage est digne d\u2019attention et de consid\u00e9ration, chaque voisin, digne de rencontre.<\/p>\n\n\n\n<p>Notre \u00ab\u00a0permanence recherche\u00a0\u00bb pourrait se r\u00e9sumer dans ce motif f\u00e9d\u00e9rateur\u00a0: faire voisinage. Comment en tant que chercheur-r\u00e9sidents \u00e0 Condorcet, allons-nous faire voisinage\u00a0? Quels voisins serons-nous\u00a0? Que veut dire pour des gens de se retrouver \u00e0 voisiner avec des centaines de chercheur-es en sciences sociales\u00a0? Est-ce que la condition de chercheur-es en humanit\u00e9s et sciences sociales nous rend aptes \u00e0 voisiner, \u00e0 rencontrer, \u00e0 converser\u00a0? Est-ce qu\u2019un organisme de recherche en sciences sociales est \u00ab\u00a0humanisant\u00a0\u00bb pour ceux qui l\u2019approchent, pour les territoires avec lesquels il interagit\u00a0? Est-ce que nos voisins d\u2019Aubervilliers et de Saint-Denis ont envie de faire quelque chose avec nous\u00a0? Est-ce que ce Campus suscite des attentes, des d\u00e9sirs\u00a0? Est-ce que certains d\u2019entre eux auront envie de \u00ab\u00a0d\u00e9river\u00a0\u00bb dans Campus Condorcet, d\u2019y inventer leurs propres \u00ab\u00a0belles histoires\u00a0\u00bb, de venir y faire recherche et universit\u00e9 \u00e0 leurs fa\u00e7on, celles de l\u2019exp\u00e9rience de recherche que r\u00e9serve chaque exp\u00e9rience de vie.<\/p>\n\n\n\n<p>Dans une en()qu\u00eate de territoire, le voisinage est sans doute la plus petite forme de constitution d\u2019un \u00ab\u00a0commun\u00a0\u00bb et certainement, substantiellement, la plus d\u00e9cisive [23]. Notre \u00ab\u00a0permanence recherche\u00a0\u00bb inclura donc fondamentalement cette n\u00e9cessit\u00e9 de \u00ab\u00a0communaliser\u00a0\u00bb \u00e0 l\u2019\u00e9chelle d\u2019une quotidiennet\u00e9 urbaine, \u00e0 savoir faire \u00ab\u00a0voisinage\u00a0\u00bb, l\u2019art de \u00ab\u00a0voisiner\u00a0\u00bb, la capacit\u00e9 \u00e0 \u00eatre voisins [24]. Et notre ambition serait alors de partir de cette premi\u00e8re unit\u00e9 constitutive d\u2019un \u00ab\u00a0commun urbain\u00a0\u00bb pour remonter en transversalit\u00e9, de voisinage en voisinage, \u00e0 la d\u00e9couvertes d\u2019autres communs, ceux qu\u2019un campus de sciences sociales pourrait initier (des communs num\u00e9riques, des communs de la connaissance, des formes de communalisation de la recherche, de nouvelles exp\u00e9riences de coop\u00e9ration, de co-cr\u00e9ation et de co-recherche\u2026) et ceux \u00e9videmment, d\u00e8s \u00e0 pr\u00e9sent actifs, au sein des quartiers, en lien avec des communaut\u00e9s de vie, d\u2019habitat, d\u2019engagement ou de migration.<\/p>\n\n\n\n<p> <a href=\"http:\/\/www.le-commun.fr\/\" target=\"_blank\" rel=\"noreferrer noopener\" aria-label=\"Pascal NICOLAS-LE STRAT (s\u2019ouvre dans un nouvel onglet)\">Pascal NICOLAS-LE STRAT<\/a>, ao\u00fbt 2019<\/p>\n\n\n\n<p> [1] Je co-anime \u00ab\u00a0Territoires en exp\u00e9rience(s)\u00a0\u00bb avec deux coll\u00e8gues et amis <a href=\"https:\/\/experice.univ-paris13.fr\/profil\/christophe.blanchard\/\" target=\"_blank\" rel=\"noreferrer noopener\" aria-label=\"Christophe Blanchard (s\u2019ouvre dans un nouvel onglet)\">Christophe Blanchard<\/a> (Experice, Universit\u00e9 Paris 13) et <a rel=\"noreferrer noopener\" aria-label=\"Fabien Granjon (s\u2019ouvre dans un nouvel onglet)\" href=\"https:\/\/fabiengranjon.eu\/\" target=\"_blank\">Fabien Granjon<\/a> (Experice, Universit\u00e9 Paris 8).  <\/p>\n\n\n\n<p> [2] En ligne\u00a0: <a rel=\"noreferrer noopener\" aria-label=\"https:\/\/www.campus-condorcet.fr\/Accueil (s\u2019ouvre dans un nouvel onglet)\" href=\"https:\/\/www.campus-condorcet.fr\/Accueil\" target=\"_blank\">https:\/\/www.campus-condorcet.fr\/Accueil<\/a>\/.<\/p>\n\n\n\n<p> [3] Louis Staritzky, \u00ab\u00a0Le Droit \u00e0 la Ville : Une exp\u00e9rimentation urbaine par le bas\u00a0\u00bb, revue <em><a href=\"http:\/\/www.editionsducommun.org\/agencements-n1-mai-2018\/\" target=\"_blank\" rel=\"noreferrer noopener\" aria-label=\"Agencements. Recherches et pratiques sociales en exp\u00e9rimentation (s\u2019ouvre dans un nouvel onglet)\">Agencements. Recherches et pratiques sociales en exp\u00e9rimentation<\/a><\/em>, n\u00b01, 2018, p. 143 \u00e0 159.<\/p>\n\n\n\n<p>\n[4] Je n\u2019emploie pas \u00ab&nbsp;multitude&nbsp;\u00bb simplement sous une\nforme imag\u00e9e mais aussi dans son sens conceptuel, ainsi que Toni\nNegri et Michael Hardt ont pu le d\u00e9velopper, \u00e0 savoir multitude en\ntant que \u00ab&nbsp;composition sociale&nbsp;\u00bb. Est-ce que Campus\nCondorcet ne sera que l\u2019addition de recherches et la juxtaposition\nd\u2019\u00e9quipes o\u00f9 est-ce qu\u2019il prendra consistance sur un plan\nsocial, urbain et intellectuel&nbsp;?<\/p>\n\n\n\n<p> [5] En ligne ici\u00a0: <a href=\"https:\/\/www.campus-condorcet.fr\/Le-campus\/Le-site-d-Aubervilliers\/Le-site-d-Aubervilliers-accueil\" target=\"_blank\" rel=\"noreferrer noopener\" aria-label=\"https:\/\/www.campus-condorcet.fr\/Le-campus\/Le-site-d-Aubervilliers\/Le-site-d-Aubervilliers-accueil (s\u2019ouvre dans un nouvel onglet)\">https:\/\/www.campus-condorcet.fr\/Le-campus\/Le-site-d-Aubervilliers\/Le-site-d-Aubervilliers-accueil<\/a>\/.<\/p>\n\n\n\n<p> [6] Florine Ballif, \u00ab\u00a0Chantiers ouverts au public\u00a0\u00bb, revue <em>M\u00e9tropolitiques<\/em>, 20 f\u00e9vrier 2015. En ligne : <a href=\"https:\/\/www.metropolitiques.eu\/Chantiers-ouverts-au-public.html\" target=\"_blank\" rel=\"noreferrer noopener\" aria-label=\"https:\/\/www.metropolitiques.eu\/Chantiers-ouverts-au-public.html (s\u2019ouvre dans un nouvel onglet)\">https:\/\/www.metropolitiques.eu\/Chantiers-ouverts-au-public.html<\/a>\/.<\/p>\n\n\n\n<p> [7] Je pense \u00e0 l\u2019exp\u00e9rience de recherche-action-cr\u00e9ation \u00ab Du terrain vague au campus urbain int\u00e9gr\u00e9 \u00bb engag\u00e9e par un collectif de chercheur-es, artistes et architectes, \u00e0 l\u2019initiative de Magali Uhl, lors de l\u2019ouverture du campus MIL de l\u2019Universit\u00e9 de Montr\u00e9al. En ligne\u00a0: <a rel=\"noreferrer noopener\" aria-label=\"https:\/\/pensercreerlurbain.org (s\u2019ouvre dans un nouvel onglet)\" href=\"https:\/\/pensercreerlurbain.org\" target=\"_blank\">https:\/\/pensercreerlurbain.org<\/a>\/ et le livre collectif <em>Penser cr\u00e9er l\u2019urbain<\/em> tir\u00e9 de cette exp\u00e9rience\u00a0: <a href=\"https:\/\/pensercreerlurbain.org\/pdf\/PCU_livre_numerique.pdf\" target=\"_blank\" rel=\"noreferrer noopener\" aria-label=\"https:\/\/pensercreerlurbain.org\/pdf\/PCU_livre_numerique.pdf (s\u2019ouvre dans un nouvel onglet)\">https:\/\/pensercreerlurbain.org\/pdf\/PCU_livre_numerique.pdf<\/a>\/.<\/p>\n\n\n\n<p> [8] Les \u00ab\u00a0Fabriques de sociologie\u00a0\u00bb ont b\u00e9n\u00e9fici\u00e9 lors de leur cr\u00e9ation d\u2019un soutien de la Maison des Sciences de l\u2019Homme Paris Nord et de l\u2019amicale attention de son directeur, Alain Bertho, lui-m\u00eame dyonisien et professeur \u00e0 l\u2019Universit\u00e9 Paris 8. En ligne\u00a0: <a href=\"http:\/\/www.fabriquesdesociologie.net\" target=\"_blank\" rel=\"noreferrer noopener\" aria-label=\"http:\/\/www.fabriquesdesociologie.net (s\u2019ouvre dans un nouvel onglet)\">http:\/\/www.fabriquesdesociologie.net<\/a>\/.<\/p>\n\n\n\n<p> [9] En ligne\u00a0: <a href=\"http:\/\/idefi-creatic.net\/fr\/\">http:\/\/idefi-creatic.net\/fr\/<\/a> et <a href=\"http:\/\/eur-artec.fr\" target=\"_blank\" rel=\"noreferrer noopener\" aria-label=\"http:\/\/eur-artec.fr (s\u2019ouvre dans un nouvel onglet)\">http:\/\/eur-artec.fr<\/a>\/.<\/p>\n\n\n\n<p>\n[10] Voir \u00e0 ce propos Izabel Galvao (s. la dir. de), <em>Le pouvoir\nd\u2019agir des habitants \u2013 Arts de faire, arts de vivre<\/em>,\nT\u00e9ra\u00e8dre, 2019.<\/p>\n\n\n\n<p>\n[11] Pierre Sansot, <em>Les gens de peu<\/em>, Presses Universitaires de\nFrance, 2009.<\/p>\n\n\n\n<p> [12] Cf. mes livres <em><a rel=\"noreferrer noopener\" aria-label=\"Exp\u00e9rimentations politiques (s\u2019ouvre dans un nouvel onglet)\" href=\"http:\/\/www.le-commun.fr\/index.php?page=experimentations-politiques-fulenn-2007\" target=\"_blank\">Exp\u00e9rimentations politiques<\/a><\/em>, Fulenn, 2007 et <em><a href=\"http:\/\/www.le-commun.fr\/index.php?page=moments-de-l-experimentation-fulenn-2009\" target=\"_blank\" rel=\"noreferrer noopener\" aria-label=\"Moments de l\u2019exp\u00e9rimentation (s\u2019ouvre dans un nouvel onglet)\">Moments de l\u2019exp\u00e9rimentation<\/a><\/em>, Fulenn, 2009.<\/p>\n\n\n\n<p>\n[13] Nous nommons praticiens-chercheurs des militants, citoyens,\nhabitants, professionnels qui s\u2019associent \u00e0 des dynamiques de\nrecherche sans faire de la recherche un m\u00e9tier ou une\nsp\u00e9cialisation. Ce sont des praticiens de la recherche qui se sont\nform\u00e9s \u00e0 la recherche par la pratique, en collaborant\noccasionnellement avec des \u00e9quipes professionnelles&nbsp;; ils\ndisposent donc d\u2019un \u00ab&nbsp;savoir d\u2019exp\u00e9rience&nbsp;\u00bb de la\nrecherche et non d\u2019une formation \u00e0 la recherche de type\nuniversitaire.<\/p>\n\n\n\n<p>\n[14] Henri Lefebvre, <em>\u00c9l\u00e9ments de rythmanalyse (Introduction \u00e0\nla connaissance des rythmes)<\/em>, Syllepse, 1992. \n<\/p>\n\n\n\n<p>\n[15] Louis Staritzky, \u00ab&nbsp;Quand la recherche s\u2019\u00e9crit en\nfanzine&nbsp;\u00bb, en ligne&nbsp;:\n<a href=\"http:\/\/fabriquesdesociologie.net\/EnRue\/2018\/10\/14\/quand-la-recherche-secrit-en-fanzine\/\">http:\/\/fabriquesdesociologie.net\/EnRue\/2018\/10\/14\/quand-la-recherche-secrit-en-fanzine\/<\/a>.\nSur le m\u00eame blog, il est possible de consulter les trois premiers\nnum\u00e9ros du Fanzine En Rue, publi\u00e9s \u00e0 l\u2019occasion d\u2019une\nrecherche que nous menons, Louis Staritzky, Martine Bodineau et\nmoi-m\u00eame, dans l\u2019agglom\u00e9ration de Dunkerque dans deux quartiers\npopulaires \u00e0 l\u2019invitation d\u2019un collectif d\u2019habitants et\nd\u2019acteurs des territoires, le collectif En Rue.<\/p>\n\n\n\n<p> [16] Cf. son \u00ab\u00a0journal de recherche publique\u00a0\u00bb, en ligne sur son site de recherche\u00a0: <a href=\"http:\/\/www.defluences.fr\/journal-de-recherche-publique\" target=\"_blank\" rel=\"noreferrer noopener\" aria-label=\"http:\/\/www.defluences.fr\/journal-de-recherche-publique (s\u2019ouvre dans un nouvel onglet)\">http:\/\/www.defluences.fr\/journal-de-recherche-publique<\/a>\/.<\/p>\n\n\n\n<p> [17] Martine Bodineau, \u00ab\u00a0Des mani\u00e8res de faire collaboratif\u00a0: des exp\u00e9riences \u00e0 Saint-Denis et \u00e0 Dunkerque\u00a0\u00bb, en ligne\u00a0: <a href=\"http:\/\/fabriquesdesociologie.net\/EnRue\/2018\/11\/09\/les-manieres-de-faire-collaboratif-des-experiences-a-saint-denis-et-a-dunkerque\" target=\"_blank\" rel=\"noreferrer noopener\" aria-label=\"http:\/\/fabriquesdesociologie.net\/EnRue\/2018\/11\/09\/les-manieres-de-faire-collaboratif-des-experiences-a-saint-denis-et-a-dunkerque (s\u2019ouvre dans un nouvel onglet)\">http:\/\/fabriquesdesociologie.net\/EnRue\/2018\/11\/09\/les-manieres-de-faire-collaboratif-des-experiences-a-saint-denis-et-a-dunkerque<\/a>\/.<\/p>\n\n\n\n<p> [18] Louis Staritzky, \u00ab\u00a0Id\u00e9e de d\u00e9rive, d\u00e9rive des id\u00e9es\u00a0\u00bb, en ligne : \u00a0<a href=\"http:\/\/ecolemutuelle.fabriquesdesociologie.net\/idee-de-derive-derive-des-idees-2\" target=\"_blank\" rel=\"noreferrer noopener\" aria-label=\"http:\/\/ecolemutuelle.fabriquesdesociologie.net\/idee-de-derive-derive-des-idees-2 (s\u2019ouvre dans un nouvel onglet)\">http:\/\/ecolemutuelle.fabriquesdesociologie.net\/idee-de-derive-derive-des-idees-2<\/a>\/.<\/p>\n\n\n\n<p>\n[19] Pascal Nicolas-Le Strat, \u00ab&nbsp;Pratiques de la r\u00e9ciprocit\u00e9&nbsp;\u00bb,\nen ligne&nbsp;:\n<a href=\"http:\/\/www.pnls.fabriquesdesociologie.net\/pratiques-de-la-reciprocite\/\">http:\/\/www.pnls.fabriquesdesociologie.net\/pratiques-de-la-reciprocite\/<\/a>&nbsp;;\nJacques Ranci\u00e8re, <em>Le partage du sensible (esth\u00e9tique et\npolitique)<\/em>, \u00e9d. La Fabrique, 2000. \n<\/p>\n\n\n\n<p> [20] Benjamin Roux, <em><a href=\"http:\/\/www.editionsducommun.org\/lart-de-conter-nos-experiences-collectives-faire-recit-a-lheure-du-storytelling-benjamin-roux\/\" target=\"_blank\" rel=\"noreferrer noopener\" aria-label=\"L\u2019art de conter nos exp\u00e9riences collectives (Faire r\u00e9cit \u00e0 l\u2019heure du storytelling) (s\u2019ouvre dans un nouvel onglet)\">L\u2019art de conter nos exp\u00e9riences collectives (Faire r\u00e9cit \u00e0 l\u2019heure du <\/a><\/em><a href=\"http:\/\/www.editionsducommun.org\/lart-de-conter-nos-experiences-collectives-faire-recit-a-lheure-du-storytelling-benjamin-roux\/\" target=\"_blank\" rel=\"noreferrer noopener\" aria-label=\"L\u2019art de conter nos exp\u00e9riences collectives (Faire r\u00e9cit \u00e0 l\u2019heure du storytelling) (s\u2019ouvre dans un nouvel onglet)\">storytelling<\/a><em><a href=\"http:\/\/www.editionsducommun.org\/lart-de-conter-nos-experiences-collectives-faire-recit-a-lheure-du-storytelling-benjamin-roux\/\" target=\"_blank\" rel=\"noreferrer noopener\" aria-label=\"L\u2019art de conter nos exp\u00e9riences collectives (Faire r\u00e9cit \u00e0 l\u2019heure du storytelling) (s\u2019ouvre dans un nouvel onglet)\">)<\/a><\/em>, \u00e9d. du commun, 2018.<\/p>\n\n\n\n<p> [21] Amandine Dupraz, <a href=\"http:\/\/www.editionsducommun.org\/agencements-n1-mai-2018\/\" target=\"_blank\" rel=\"noreferrer noopener\" aria-label=\"Faire universit\u00e9 hors-les-murs, une politique du d\u00e9-placement (s\u2019ouvre dans un nouvel onglet)\">Faire universit\u00e9 hors-les-murs, une politique du d\u00e9-placement<\/a>, revue <em>Agencements. Recherches et pratiques sociales en exp\u00e9rimentation<\/em>, n\u00b01, 2018, p. 10 \u00e0 20.<\/p>\n\n\n\n<p>\n[22] Je parcours ici les exp\u00e9riences de recherche d\u00e9velopp\u00e9es par\nmes ami-es des Fabriques de sociologie et, conjointement, partie\nprenante de l\u2019axe \u00ab&nbsp;Territoires en exp\u00e9rience(s)&nbsp;\u00bb.<\/p>\n\n\n\n<p>\n[23] Voir \u00e0 ce propos p.m., <em>Voisinages &amp; communs<\/em>, \u00e9d. de\nl\u2019\u00e9clat, 2016. \n<\/p>\n\n\n\n<p> [24] Cet art de communaliser une quotidiennet\u00e9 de vie sous la forme d\u2019un voisinage rel\u00e8ve de ce que je th\u00e9orise comme un \u00ab\u00a0travail du commun\u00a0\u00bb, in Pascal Nicolas-Le Strat, <em><a href=\"http:\/\/www.editionsducommun.org\/le-travail-du-commun-pascal-nicolas-le-strat\/\" target=\"_blank\" rel=\"noreferrer noopener\" aria-label=\"Le travail du commun (s\u2019ouvre dans un nouvel onglet)\">Le travail du commun<\/a><\/em>, \u00e9d. du commun, 2016.<\/p>\n","protected":false},"excerpt":{"rendered":"<p>Au cours de l\u2019ann\u00e9e 2018, j\u2019ai cr\u00e9\u00e9 au sein du laboratoire dont j\u2019assure la responsabilit\u00e9 \u00e0 l\u2019Universit\u00e9 Paris 8 Vincennes Saint-Denis, le laboratoire EXPERICE (Centre de Recherche Interuniversitaire Exp\u00e9rience Ressources Culturelles \u00c9ducation), un nouvel axe de recherche que j\u2019ai nomm\u00e9 \u00ab\u00a0Territoires en exp\u00e9rience(s)\u00a0\u00bb [1]. Un coll\u00e8gue s\u2019exclame alors\u00a0: \u00ab\u00a0 mais &hellip;<\/p>\n","protected":false},"author":3,"featured_media":0,"comment_status":"closed","ping_status":"open","sticky":false,"template":"","format":"standard","meta":{"footnotes":""},"categories":[1],"tags":[],"class_list":["post-8","post","type-post","status-publish","format-standard","hentry","category-non-classe"],"_links":{"self":[{"href":"https:\/\/www.fabriquesdesociologie.net\/LaPlaine\/index.php\/wp-json\/wp\/v2\/posts\/8","targetHints":{"allow":["GET"]}}],"collection":[{"href":"https:\/\/www.fabriquesdesociologie.net\/LaPlaine\/index.php\/wp-json\/wp\/v2\/posts"}],"about":[{"href":"https:\/\/www.fabriquesdesociologie.net\/LaPlaine\/index.php\/wp-json\/wp\/v2\/types\/post"}],"author":[{"embeddable":true,"href":"https:\/\/www.fabriquesdesociologie.net\/LaPlaine\/index.php\/wp-json\/wp\/v2\/users\/3"}],"replies":[{"embeddable":true,"href":"https:\/\/www.fabriquesdesociologie.net\/LaPlaine\/index.php\/wp-json\/wp\/v2\/comments?post=8"}],"version-history":[{"count":1,"href":"https:\/\/www.fabriquesdesociologie.net\/LaPlaine\/index.php\/wp-json\/wp\/v2\/posts\/8\/revisions"}],"predecessor-version":[{"id":9,"href":"https:\/\/www.fabriquesdesociologie.net\/LaPlaine\/index.php\/wp-json\/wp\/v2\/posts\/8\/revisions\/9"}],"wp:attachment":[{"href":"https:\/\/www.fabriquesdesociologie.net\/LaPlaine\/index.php\/wp-json\/wp\/v2\/media?parent=8"}],"wp:term":[{"taxonomy":"category","embeddable":true,"href":"https:\/\/www.fabriquesdesociologie.net\/LaPlaine\/index.php\/wp-json\/wp\/v2\/categories?post=8"},{"taxonomy":"post_tag","embeddable":true,"href":"https:\/\/www.fabriquesdesociologie.net\/LaPlaine\/index.php\/wp-json\/wp\/v2\/tags?post=8"}],"curies":[{"name":"wp","href":"https:\/\/api.w.org\/{rel}","templated":true}]}}