{"id":245,"date":"2021-07-12T12:59:59","date_gmt":"2021-07-12T10:59:59","guid":{"rendered":"https:\/\/www.fabriquesdesociologie.net\/LaPlaine\/?p=245"},"modified":"2021-07-13T10:58:40","modified_gmt":"2021-07-13T08:58:40","slug":"arbres-couches","status":"publish","type":"post","link":"https:\/\/www.fabriquesdesociologie.net\/LaPlaine\/index.php\/2021\/07\/12\/arbres-couches\/","title":{"rendered":"Arbres couch\u00e9s"},"content":{"rendered":"\n<p>En ce jeudi de janvier, quelle n\u2019est pas ma surprise de d\u00e9couvrir, rue Amilcar Cabral, \u00e0 l\u2019entr\u00e9e du Campus, plusieurs arbres couch\u00e9s. Ils patientent, allong\u00e9s au sol, dans l\u2019attente qu\u2019un engin de chantier les hisse, les r\u00e9installe dans leur digne verticalit\u00e9 et les campe dans cette terre o\u00f9 ils sont invit\u00e9s \u00e0 (re)prendre racines et \u00e0 vivre. Ils seront laiss\u00e9s \u00e0 leur triste sort pendant de longs jours. Je peine \u00e0 nommer l\u2019op\u00e9ration qui les attend. Ils vont \u00eatre plant\u00e9s, \u00e0 n\u2019en pas douter. Mais, pour autant, les mots \u00ab\u00a0planter\u00a0\u00bb et \u00ab\u00a0plantation\u00a0\u00bb ne me viennent pas spontan\u00e9ment, tant la d\u00e9mesure de la situation et sa compl\u00e8te artificialit\u00e9 dissuadent les mots du jardinage et de l\u2019arboriculture.<\/p>\n\n\n\n<p>Leur condition m\u2019attriste. Je pense \u00e0 d\u2019autres arbres, dans un tout autre environnement, les arbres que depuis 42 ans je plante sur mon terrain familial. La date est pr\u00e9cise, elle correspond \u00e0 une bouture de thuya que j\u2019avais faite chez mes grands parents, \u00e0 Verri\u00e8res Le Buisson, lors d\u2019un des derniers \u00e9t\u00e9s que j\u2019ai partag\u00e9 avec ma grand-m\u00e8re. L\u2019arbre vit toujours, une essence rustique mais pourtant peu accoutum\u00e9e aux \u00e9t\u00e9s tr\u00e8s chauds et arides du sud de l\u2019Ard\u00e8che&nbsp;; mais, bien prot\u00e9g\u00e9 par d\u2019autres arbres et par un talus, ce thuya a trouv\u00e9 le micro \u00e9co-syst\u00e8me gr\u00e2ce auquel il a r\u00e9ussi \u00e0 s\u2019\u00e9panouir.<\/p>\n\n\n\n<figure class=\"wp-block-gallery columns-3 is-cropped wp-block-gallery-1 is-layout-flex wp-block-gallery-is-layout-flex\"><ul class=\"blocks-gallery-grid\"><li class=\"blocks-gallery-item\"><figure><a href=\"https:\/\/www.fabriquesdesociologie.net\/LaPlaine\/wp-content\/uploads\/2021\/07\/Arbres-couches-1.jpg\" data-lbwps-width=\"4000\" data-lbwps-height=\"3000\" data-lbwps-srcsmall=\"https:\/\/www.fabriquesdesociologie.net\/LaPlaine\/wp-content\/uploads\/2021\/07\/Arbres-couches-1-300x225.jpg\"><img loading=\"lazy\" decoding=\"async\" width=\"1024\" height=\"768\" src=\"https:\/\/www.fabriquesdesociologie.net\/LaPlaine\/wp-content\/uploads\/2021\/07\/Arbres-couches-1-1024x768.jpg\" alt=\"\" data-id=\"246\" data-link=\"https:\/\/www.fabriquesdesociologie.net\/LaPlaine\/?attachment_id=246\" class=\"wp-image-246\" srcset=\"https:\/\/www.fabriquesdesociologie.net\/LaPlaine\/wp-content\/uploads\/2021\/07\/Arbres-couches-1-1024x768.jpg 1024w, https:\/\/www.fabriquesdesociologie.net\/LaPlaine\/wp-content\/uploads\/2021\/07\/Arbres-couches-1-300x225.jpg 300w, https:\/\/www.fabriquesdesociologie.net\/LaPlaine\/wp-content\/uploads\/2021\/07\/Arbres-couches-1-768x576.jpg 768w, https:\/\/www.fabriquesdesociologie.net\/LaPlaine\/wp-content\/uploads\/2021\/07\/Arbres-couches-1-1536x1152.jpg 1536w, https:\/\/www.fabriquesdesociologie.net\/LaPlaine\/wp-content\/uploads\/2021\/07\/Arbres-couches-1-2048x1536.jpg 2048w, https:\/\/www.fabriquesdesociologie.net\/LaPlaine\/wp-content\/uploads\/2021\/07\/Arbres-couches-1-1440x1080.jpg 1440w\" sizes=\"auto, (max-width: 1024px) 100vw, 1024px\" \/><\/a><\/figure><\/li><li class=\"blocks-gallery-item\"><figure><a href=\"https:\/\/www.fabriquesdesociologie.net\/LaPlaine\/wp-content\/uploads\/2021\/07\/Arbres-couches-2.jpg\" data-lbwps-width=\"4000\" data-lbwps-height=\"3000\" data-lbwps-srcsmall=\"https:\/\/www.fabriquesdesociologie.net\/LaPlaine\/wp-content\/uploads\/2021\/07\/Arbres-couches-2-300x225.jpg\"><img loading=\"lazy\" decoding=\"async\" width=\"1024\" height=\"768\" src=\"https:\/\/www.fabriquesdesociologie.net\/LaPlaine\/wp-content\/uploads\/2021\/07\/Arbres-couches-2-1024x768.jpg\" alt=\"\" data-id=\"247\" data-link=\"https:\/\/www.fabriquesdesociologie.net\/LaPlaine\/?attachment_id=247\" class=\"wp-image-247\" srcset=\"https:\/\/www.fabriquesdesociologie.net\/LaPlaine\/wp-content\/uploads\/2021\/07\/Arbres-couches-2-1024x768.jpg 1024w, https:\/\/www.fabriquesdesociologie.net\/LaPlaine\/wp-content\/uploads\/2021\/07\/Arbres-couches-2-300x225.jpg 300w, https:\/\/www.fabriquesdesociologie.net\/LaPlaine\/wp-content\/uploads\/2021\/07\/Arbres-couches-2-768x576.jpg 768w, https:\/\/www.fabriquesdesociologie.net\/LaPlaine\/wp-content\/uploads\/2021\/07\/Arbres-couches-2-1536x1152.jpg 1536w, https:\/\/www.fabriquesdesociologie.net\/LaPlaine\/wp-content\/uploads\/2021\/07\/Arbres-couches-2-2048x1536.jpg 2048w, https:\/\/www.fabriquesdesociologie.net\/LaPlaine\/wp-content\/uploads\/2021\/07\/Arbres-couches-2-1440x1080.jpg 1440w\" sizes=\"auto, (max-width: 1024px) 100vw, 1024px\" \/><\/a><\/figure><\/li><li class=\"blocks-gallery-item\"><figure><a href=\"https:\/\/www.fabriquesdesociologie.net\/LaPlaine\/wp-content\/uploads\/2021\/07\/Arbres-couches-3.jpg\" data-lbwps-width=\"4000\" data-lbwps-height=\"3000\" data-lbwps-srcsmall=\"https:\/\/www.fabriquesdesociologie.net\/LaPlaine\/wp-content\/uploads\/2021\/07\/Arbres-couches-3-300x225.jpg\"><img loading=\"lazy\" decoding=\"async\" width=\"1024\" height=\"768\" src=\"https:\/\/www.fabriquesdesociologie.net\/LaPlaine\/wp-content\/uploads\/2021\/07\/Arbres-couches-3-1024x768.jpg\" alt=\"\" data-id=\"248\" data-full-url=\"https:\/\/www.fabriquesdesociologie.net\/LaPlaine\/wp-content\/uploads\/2021\/07\/Arbres-couches-3-scaled.jpg\" data-link=\"https:\/\/www.fabriquesdesociologie.net\/LaPlaine\/?attachment_id=248\" class=\"wp-image-248\" srcset=\"https:\/\/www.fabriquesdesociologie.net\/LaPlaine\/wp-content\/uploads\/2021\/07\/Arbres-couches-3-1024x768.jpg 1024w, https:\/\/www.fabriquesdesociologie.net\/LaPlaine\/wp-content\/uploads\/2021\/07\/Arbres-couches-3-300x225.jpg 300w, https:\/\/www.fabriquesdesociologie.net\/LaPlaine\/wp-content\/uploads\/2021\/07\/Arbres-couches-3-768x576.jpg 768w, https:\/\/www.fabriquesdesociologie.net\/LaPlaine\/wp-content\/uploads\/2021\/07\/Arbres-couches-3-1536x1152.jpg 1536w, https:\/\/www.fabriquesdesociologie.net\/LaPlaine\/wp-content\/uploads\/2021\/07\/Arbres-couches-3-2048x1536.jpg 2048w, https:\/\/www.fabriquesdesociologie.net\/LaPlaine\/wp-content\/uploads\/2021\/07\/Arbres-couches-3-1440x1080.jpg 1440w\" sizes=\"auto, (max-width: 1024px) 100vw, 1024px\" \/><\/a><\/figure><\/li><\/ul><\/figure>\n\n\n\n<p>Ces arbres, dont je croise le chemin \u00e0 l\u2019entr\u00e9e du campus, ou eux le mien, me semblent assez repr\u00e9sentatifs de l\u2019\u00ab&nbsp;urbanisme d\u2019implantation&nbsp;\u00bb qui s\u00e9vit \u00e0 La Plaine. On implante un si\u00e8ge social d\u2019entreprise, on implante un campus de sciences sociales, on implante une r\u00e9sidence&nbsp;; et on implante des arbres jeunes adultes, bien plus qu\u2019on ne les plante. Je ne doute pas qu\u2019avec un entretien suivi, ces arbres finiront par s\u2019adapter et par se d\u00e9velopper. Mais ce type d\u2019implantation, \u00e0 vis\u00e9e essentiellement ornementale, interroge sur la fa\u00e7on dont un campus comme Condorcet fait face aux enjeux du r\u00e9chauffement, surtout sur un territoire comme La Plaine Saint-Denis tr\u00e8s min\u00e9ral et tr\u00e8s dens\u00e9ment b\u00e2ti. Sur le campus et dans ses alentours, la v\u00e9g\u00e9talisation est con\u00e7ue sur le mod\u00e8le classique, et vieilli, de l\u2019embellissement urbain qui prend, par exemple, la forme d\u2019un alignement de grands arbres en bordure de trottoir. Nous sommes loin des exp\u00e9rimentations horticoles et paysag\u00e8res qui tentent aujourd\u2019hui de (re)penser la pr\u00e9sence du v\u00e9g\u00e9tal en ville, et les mani\u00e8res de vivre avec lui, pour r\u00e9pondre au urgences \u00e9cologiques urbaines. Comment un campus de science sociale dialogue avec son environnement urbain qui est aussi, et substantiellement, environnement vivant, v\u00e9g\u00e9tal et animal&nbsp;? Comment dans ce haut lieu des humanit\u00e9s le \u00ab&nbsp;droit du v\u00e9g\u00e9tal \u00e0 la ville&nbsp;\u00bb est-il pris en compte&nbsp;? En sus de ses b\u00e2timents, le campus a \u00e9t\u00e9 livr\u00e9 avec sa v\u00e9g\u00e9talisation, selon un plan paysag\u00e9 dont je ne doute pas de l\u2019expertise ni de la technicit\u00e9, possiblement de la qualit\u00e9 esth\u00e9tique. Mais cet embellissement expert nous dit peu sur les \u00e9co-syst\u00e8mes de vie inh\u00e9rents \u00e0 un territoire urbain \u00e9mergent, sur les mani\u00e8res de jardiner une \u00e9cologie de vie afin qu\u2019elle devienne habitable aux multiples esp\u00e8ces qui revendiquent le droit d\u2019y vivre et d\u2019y faire ville, des arbres, des chercheurs en sciences sociales, des habitants, des insectes, des oiseaux, des rongeurs\u2026 Comment concevoir un campus qui soit aussi boisement&nbsp;? Comment concevoir un campus qui soit aussi prairie&nbsp;? Comment concevoir un campus qui soit aussi terrain d\u2019aventure&nbsp;? Comment concevoir un campus qui soit aussi futaie, mares, lisi\u00e8res\u2026&nbsp;?<\/p>\n\n\n\n<p>En janvier 2021, j\u2019avais pris quelques photos de ces arbres couch\u00e9s. Je n\u2019avais pas l\u2019intention de chroniquer leur arriv\u00e9e \u00e0 Campus Condorcet. L\u2019envie m\u2019est venue au mois de juillet 2021 \u00e0 l\u2019occasion d\u2019un message que j\u2019adressais \u00e0 plusieurs ami\u00b7es chercheur\u00b7es o\u00f9 j\u2019\u00e9voquais l\u2019apparition du chancre color\u00e9 dans les plantations de platanes de la ville de Montpellier. Je leur \u00e9crivais&nbsp;: \u00ab&nbsp;Tristesse. Un des platanes du Bd Henri 4 (Pour Louis, c&rsquo;est le boulevard qui descend de l&rsquo;Arc de triomphe, qui longe le jardin des plantes et qui rejoint mon quartier) est attaqu\u00e9 par le chancre color\u00e9. L&rsquo;arbre est perdu car il n&rsquo;y a aucun traitement. La maladie est contagieuse et, donc, par mesure de pr\u00e9vention, les jardiniers de la ville sont tenus d&rsquo;abattre tout platane dans un p\u00e9rim\u00e8tre de 35 m\u00e8tres. Autant dire que c&rsquo;est une h\u00e9catombe. Le chancre color\u00e9 a fait des ravages sur les bords du canal du midi. S&rsquo;il devait toucher un des immenses platanes de l&rsquo;esplanade, ce serait comme abattre un immeuble, tant ces arbres construisent l&rsquo;architecture urbaine de Montpellier&nbsp;\u00bb. Cette attention que je portais \u00e0 ces arbres avec lesquels je voisine lorsque je s\u00e9journe dans le Sud, m\u2019a rappel\u00e9 d\u2019autres arbres, ceux de La Plaine, ces arbres dont j\u2019avais fait la connaissance, en voisin, alors qu\u2019ils se morfondaient sur leur trottoir. Ils m\u00e9ritaient eux aussi mon int\u00e9r\u00eat d&rsquo;\u00e9criture.<\/p>\n\n\n\n<p>Ces arbres couch\u00e9s continuent \u00e0 me parler. Peut-\u00eatre partageons-nous une m\u00eame condition. Par d\u00e9cision de l\u2019Universit\u00e9 Paris 8, parce que je le souhaitais, une salle a \u00e9t\u00e9 attribu\u00e9e \u00e0 mon axe de recherche et, sans pr\u00e9paration particuli\u00e8re, j\u2019ai \u00e9t\u00e9 moi aussi implant\u00e9 \u00e0 Campus Condorcet. Je n\u2019ai pas patient\u00e9 sur le trottoir avant installation mais, pendant de nombreux mois, j\u2019ai v\u00e9cu bien seul dans le couloir de mon deuxi\u00e8me \u00e9tage. Ce que je partage avec ces arbres couch\u00e9s c\u2019est cette artificialisation des milieux de vie, ces am\u00e9nagements qui m\u00e9nagent pas suffisamment d\u2019attention au vivant, \u00e0 la socialit\u00e9, ces implantations qui se r\u00e9alisent sur des temps tr\u00e8s courts. Comme les arbres couch\u00e9s, d\u00e8s le moment o\u00f9 leurs racines a retrouv\u00e9 une terre, j\u2019ai d\u00fb moi aussi m\u2019accoutumer \u00e0 ce lieu, m\u2019y familiariser, y prendre en quelque sorte racine\u2026 Combien d\u2019ann\u00e9es faudra-il \u00e0 cet arbre que je prends en photo en janvier 2021 pour d\u00e9velopper son syst\u00e8me racinaire et s\u2019\u00e9panouir en ce lieu&nbsp;? Combien d\u2019ann\u00e9es faudra-il au chercheur que je suis, transplant\u00e9 \u00e0 La Plaine, pour r\u00e9ussir \u00e0 y faire recherche avec d\u2019autres et \u00e0 y acclimater son activit\u00e9&nbsp;?<\/p>\n\n\n\n<p>Le r\u00e9cit de ces arbres couch\u00e9s fonctionne comme la parabole d\u2019un campus, n\u00e9 de rien, qui a besoin, lui aussi, de s\u2019ancrer au sol, d\u2019inventer son quotidien et, finalement, d\u2019ensemencer et fertiliser ses \u00e9co-syst\u00e8mes de vie et d\u2019activit\u00e9.<\/p>\n\n\n\n<p><a href=\"http:\/\/www.pnls.fr\" target=\"_blank\" rel=\"noreferrer noopener\">Pascal NICOLAS-LE STRAT<\/a><\/p>\n","protected":false},"excerpt":{"rendered":"<p>En ce jeudi de janvier, quelle n\u2019est pas ma surprise de d\u00e9couvrir, rue Amilcar Cabral, \u00e0 l\u2019entr\u00e9e du Campus, plusieurs arbres couch\u00e9s. Ils patientent, allong\u00e9s au sol, dans l\u2019attente qu\u2019un engin de chantier les hisse, les r\u00e9installe dans leur digne verticalit\u00e9 et les campe dans cette terre o\u00f9 ils sont &hellip;<\/p>\n","protected":false},"author":3,"featured_media":0,"comment_status":"closed","ping_status":"open","sticky":false,"template":"","format":"standard","meta":{"footnotes":""},"categories":[1],"tags":[],"class_list":["post-245","post","type-post","status-publish","format-standard","hentry","category-non-classe"],"_links":{"self":[{"href":"https:\/\/www.fabriquesdesociologie.net\/LaPlaine\/index.php\/wp-json\/wp\/v2\/posts\/245","targetHints":{"allow":["GET"]}}],"collection":[{"href":"https:\/\/www.fabriquesdesociologie.net\/LaPlaine\/index.php\/wp-json\/wp\/v2\/posts"}],"about":[{"href":"https:\/\/www.fabriquesdesociologie.net\/LaPlaine\/index.php\/wp-json\/wp\/v2\/types\/post"}],"author":[{"embeddable":true,"href":"https:\/\/www.fabriquesdesociologie.net\/LaPlaine\/index.php\/wp-json\/wp\/v2\/users\/3"}],"replies":[{"embeddable":true,"href":"https:\/\/www.fabriquesdesociologie.net\/LaPlaine\/index.php\/wp-json\/wp\/v2\/comments?post=245"}],"version-history":[{"count":3,"href":"https:\/\/www.fabriquesdesociologie.net\/LaPlaine\/index.php\/wp-json\/wp\/v2\/posts\/245\/revisions"}],"predecessor-version":[{"id":256,"href":"https:\/\/www.fabriquesdesociologie.net\/LaPlaine\/index.php\/wp-json\/wp\/v2\/posts\/245\/revisions\/256"}],"wp:attachment":[{"href":"https:\/\/www.fabriquesdesociologie.net\/LaPlaine\/index.php\/wp-json\/wp\/v2\/media?parent=245"}],"wp:term":[{"taxonomy":"category","embeddable":true,"href":"https:\/\/www.fabriquesdesociologie.net\/LaPlaine\/index.php\/wp-json\/wp\/v2\/categories?post=245"},{"taxonomy":"post_tag","embeddable":true,"href":"https:\/\/www.fabriquesdesociologie.net\/LaPlaine\/index.php\/wp-json\/wp\/v2\/tags?post=245"}],"curies":[{"name":"wp","href":"https:\/\/api.w.org\/{rel}","templated":true}]}}