{"id":198,"date":"2021-04-05T08:41:37","date_gmt":"2021-04-05T06:41:37","guid":{"rendered":"https:\/\/www.fabriquesdesociologie.net\/LaPlaine\/?p=198"},"modified":"2021-04-09T16:52:31","modified_gmt":"2021-04-09T14:52:31","slug":"ambiances","status":"publish","type":"post","link":"https:\/\/www.fabriquesdesociologie.net\/LaPlaine\/index.php\/2021\/04\/05\/ambiances\/","title":{"rendered":"Ambiances"},"content":{"rendered":"\n<p>Rejoignant le Nord du Campus Condorcet depuis le quartier de la Porte de Paris en centre-ville de Saint-Denis, apr\u00e8s avoir contourn\u00e9 le Stade de France et d\u00e9pass\u00e9 la station du RER B, je d\u00e9bouche sur l\u2019avenue Amilcar Cabral apr\u00e8s avoir emprunt\u00e9 le mail des Maraichers et, en quelques m\u00e8tres, cette avenue me conduit au pied du B\u00e2timent recherche Nord, ma destination. Le trottoir est large, refait de neuf&nbsp;; une large bordure de v\u00e9g\u00e9tation plant\u00e9e d\u2019arbres et d\u2019arbustes tient le pi\u00e9ton \u00e0 distance de la circulation automobile&nbsp;; cet accotement paysager estompe le perception visuelle et sonore du trafic routier. Le pi\u00e9ton avance ais\u00e9ment&nbsp;; aucune voiture en stationnement ne ralentit sa marche, aucun panneau de signalisation n\u2019entrave son chemin. Arriv\u00e9 en imm\u00e9diate proximit\u00e9 du Campus, l\u2019espace se d\u00e9gage&nbsp;; la vue s\u2019ouvre sur le B\u00e2timent recherche Nord aux fa\u00e7ades blanches, comme le sont aussi celles de la tour qui le pr\u00e9c\u00e8de, abritant les r\u00e9sidences \u00e9tudiantes. Un muret assez bas d\u00e9limite le Campus&nbsp;; il le cl\u00f4t sans le fermer aux regards des passants. Sa teinte tr\u00e8s claire, approchant celle d\u2019un marbre blanc, n\u2019a pas encore \u00e9t\u00e9 ternie par la pollution. Ce muret constitue une sorte de note de bas de page ajout\u00e9 au texte architectural et esth\u00e9tique du Campus, \u00e0 l\u2019adresse, peut-\u00eatre, du promeneur trop press\u00e9 ou du visiteur insuffisamment attentif afin de s\u2019assurer qu\u2019il a bien saisi la volont\u00e9 d\u2019ouverture et de clart\u00e9 du lieu. Est-ce qu\u2019en surlignant ainsi un effet esth\u00e9tique, on le rend plus palpable, mieux per\u00e7u&nbsp;?<\/p>\n\n\n\n<p>Qu\u2019est-ce que Campus Condorcet tente de nous dire&nbsp;? Des teintes claires, des espaces ouverts, de larges cheminements pi\u00e9tons, une pr\u00e9sence att\u00e9nu\u00e9e de la circulation automobile, une atmosph\u00e8re plus feutr\u00e9e que ne le laisserait penser ce territoire plut\u00f4t dens\u00e9ment actif. Quelle pr\u00e9sence, quelle image le Campus s\u2019efforce de nous adresser&nbsp;? Ce qui se manifeste dans une ambiance ne renvoie pas toujours \u00e0 quelque chose de pr\u00e9cis. Il est difficile de la rapporter sp\u00e9cifiquement \u00e0 tel ou tel \u00e9quipement ou tel ou tel am\u00e9nagement. Une atmosph\u00e8re urbaine rel\u00e8ve d\u2019un effet d\u2019ensemble. Elle est d\u2019abord sentie, avant d\u2019\u00eatre ressentie. Elle est d\u2019abord per\u00e7ue avant d\u2019\u00eatre d\u00e9couverte. Elle nous impr\u00e8gne bien avant que nous en prenions conscience. Nous en faisons l\u2019exp\u00e9rience parce que nous sommes immerg\u00e9s en elle, parce que des b\u00e2timents nous entourent, parce que des couleurs nous environnent, parce que des sols nous portent, parce que des sons nous affectent, parce que des am\u00e9nagements nous sollicitent, parce que des \u00e9quipements nous invitent, sur des modes toujours propres \u00e0 chacun mais qui, associ\u00e9s, rapproch\u00e9s, assembl\u00e9s, finissent par cr\u00e9er une atmosph\u00e8re qui teinte le lieu, et qui l\u2019enveloppe. Difficile de dire ce qu\u2019il adviendra du Campus Condorcet, de ce qu\u2019il fera vivre comme socialit\u00e9. Difficile d\u2019anticiper sur l\u2019ambiance future de ce lieu de recherche. En cette fin d\u2019hiver 2021, le Campus est vide, en raison bien s\u00fbr des restrictions d\u2019activit\u00e9 et de d\u00e9placement provoqu\u00e9es par la pand\u00e9mie, mais aussi en raison de sa jeunesse. Les \u00e9quipes se sont install\u00e9es petit \u00e0 petit, \u00e0 partir de l\u2019automne 2019. Le campus cherche son rythme. Les murs parlent encore faiblement, les couloirs marchent rarement, les espaces occupent chichement le lieu, les sols tracent peu. Le blanc reste tr\u00e8s blanc.<\/p>\n\n\n\n<figure class=\"wp-block-gallery columns-3 is-cropped wp-block-gallery-1 is-layout-flex wp-block-gallery-is-layout-flex\"><ul class=\"blocks-gallery-grid\"><li class=\"blocks-gallery-item\"><figure><a href=\"https:\/\/www.fabriquesdesociologie.net\/LaPlaine\/wp-content\/uploads\/2021\/04\/Avenue-Amilcar-Cabral_mars-2021-1.jpg\" data-lbwps-width=\"3000\" data-lbwps-height=\"4000\" data-lbwps-srcsmall=\"https:\/\/www.fabriquesdesociologie.net\/LaPlaine\/wp-content\/uploads\/2021\/04\/Avenue-Amilcar-Cabral_mars-2021-1-225x300.jpg\"><img loading=\"lazy\" decoding=\"async\" width=\"768\" height=\"1024\" src=\"https:\/\/www.fabriquesdesociologie.net\/LaPlaine\/wp-content\/uploads\/2021\/04\/Avenue-Amilcar-Cabral_mars-2021-1-768x1024.jpg\" alt=\"\" data-id=\"199\" data-link=\"https:\/\/www.fabriquesdesociologie.net\/LaPlaine\/?attachment_id=199\" class=\"wp-image-199\" srcset=\"https:\/\/www.fabriquesdesociologie.net\/LaPlaine\/wp-content\/uploads\/2021\/04\/Avenue-Amilcar-Cabral_mars-2021-1-768x1024.jpg 768w, https:\/\/www.fabriquesdesociologie.net\/LaPlaine\/wp-content\/uploads\/2021\/04\/Avenue-Amilcar-Cabral_mars-2021-1-225x300.jpg 225w, https:\/\/www.fabriquesdesociologie.net\/LaPlaine\/wp-content\/uploads\/2021\/04\/Avenue-Amilcar-Cabral_mars-2021-1-1152x1536.jpg 1152w, https:\/\/www.fabriquesdesociologie.net\/LaPlaine\/wp-content\/uploads\/2021\/04\/Avenue-Amilcar-Cabral_mars-2021-1-1536x2048.jpg 1536w, https:\/\/www.fabriquesdesociologie.net\/LaPlaine\/wp-content\/uploads\/2021\/04\/Avenue-Amilcar-Cabral_mars-2021-1-1080x1440.jpg 1080w, https:\/\/www.fabriquesdesociologie.net\/LaPlaine\/wp-content\/uploads\/2021\/04\/Avenue-Amilcar-Cabral_mars-2021-1-scaled.jpg 1920w\" sizes=\"auto, (max-width: 768px) 100vw, 768px\" \/><\/a><\/figure><\/li><li class=\"blocks-gallery-item\"><figure><a href=\"https:\/\/www.fabriquesdesociologie.net\/LaPlaine\/wp-content\/uploads\/2021\/04\/Avenue-Amilcar-Cabral_mars-2021-2.jpg\" data-lbwps-width=\"3000\" data-lbwps-height=\"4000\" data-lbwps-srcsmall=\"https:\/\/www.fabriquesdesociologie.net\/LaPlaine\/wp-content\/uploads\/2021\/04\/Avenue-Amilcar-Cabral_mars-2021-2-225x300.jpg\"><img loading=\"lazy\" decoding=\"async\" width=\"768\" height=\"1024\" src=\"https:\/\/www.fabriquesdesociologie.net\/LaPlaine\/wp-content\/uploads\/2021\/04\/Avenue-Amilcar-Cabral_mars-2021-2-768x1024.jpg\" alt=\"\" data-id=\"200\" data-link=\"https:\/\/www.fabriquesdesociologie.net\/LaPlaine\/?attachment_id=200\" class=\"wp-image-200\" srcset=\"https:\/\/www.fabriquesdesociologie.net\/LaPlaine\/wp-content\/uploads\/2021\/04\/Avenue-Amilcar-Cabral_mars-2021-2-768x1024.jpg 768w, https:\/\/www.fabriquesdesociologie.net\/LaPlaine\/wp-content\/uploads\/2021\/04\/Avenue-Amilcar-Cabral_mars-2021-2-225x300.jpg 225w, https:\/\/www.fabriquesdesociologie.net\/LaPlaine\/wp-content\/uploads\/2021\/04\/Avenue-Amilcar-Cabral_mars-2021-2-1152x1536.jpg 1152w, https:\/\/www.fabriquesdesociologie.net\/LaPlaine\/wp-content\/uploads\/2021\/04\/Avenue-Amilcar-Cabral_mars-2021-2-1536x2048.jpg 1536w, https:\/\/www.fabriquesdesociologie.net\/LaPlaine\/wp-content\/uploads\/2021\/04\/Avenue-Amilcar-Cabral_mars-2021-2-1080x1440.jpg 1080w, https:\/\/www.fabriquesdesociologie.net\/LaPlaine\/wp-content\/uploads\/2021\/04\/Avenue-Amilcar-Cabral_mars-2021-2-scaled.jpg 1920w\" sizes=\"auto, (max-width: 768px) 100vw, 768px\" \/><\/a><\/figure><\/li><li class=\"blocks-gallery-item\"><figure><a href=\"https:\/\/www.fabriquesdesociologie.net\/LaPlaine\/wp-content\/uploads\/2021\/04\/Rue-de-Saint-Gobain_mars-2021-1.jpg\" data-lbwps-width=\"3000\" data-lbwps-height=\"4000\" data-lbwps-srcsmall=\"https:\/\/www.fabriquesdesociologie.net\/LaPlaine\/wp-content\/uploads\/2021\/04\/Rue-de-Saint-Gobain_mars-2021-1-225x300.jpg\"><img loading=\"lazy\" decoding=\"async\" width=\"768\" height=\"1024\" src=\"https:\/\/www.fabriquesdesociologie.net\/LaPlaine\/wp-content\/uploads\/2021\/04\/Rue-de-Saint-Gobain_mars-2021-1-768x1024.jpg\" alt=\"\" data-id=\"201\" data-full-url=\"https:\/\/www.fabriquesdesociologie.net\/LaPlaine\/wp-content\/uploads\/2021\/04\/Rue-de-Saint-Gobain_mars-2021-1-scaled.jpg\" data-link=\"https:\/\/www.fabriquesdesociologie.net\/LaPlaine\/?attachment_id=201\" class=\"wp-image-201\" srcset=\"https:\/\/www.fabriquesdesociologie.net\/LaPlaine\/wp-content\/uploads\/2021\/04\/Rue-de-Saint-Gobain_mars-2021-1-768x1024.jpg 768w, https:\/\/www.fabriquesdesociologie.net\/LaPlaine\/wp-content\/uploads\/2021\/04\/Rue-de-Saint-Gobain_mars-2021-1-225x300.jpg 225w, https:\/\/www.fabriquesdesociologie.net\/LaPlaine\/wp-content\/uploads\/2021\/04\/Rue-de-Saint-Gobain_mars-2021-1-1152x1536.jpg 1152w, https:\/\/www.fabriquesdesociologie.net\/LaPlaine\/wp-content\/uploads\/2021\/04\/Rue-de-Saint-Gobain_mars-2021-1-1536x2048.jpg 1536w, https:\/\/www.fabriquesdesociologie.net\/LaPlaine\/wp-content\/uploads\/2021\/04\/Rue-de-Saint-Gobain_mars-2021-1-1080x1440.jpg 1080w, https:\/\/www.fabriquesdesociologie.net\/LaPlaine\/wp-content\/uploads\/2021\/04\/Rue-de-Saint-Gobain_mars-2021-1-scaled.jpg 1920w\" sizes=\"auto, (max-width: 768px) 100vw, 768px\" \/><\/a><\/figure><\/li><\/ul><\/figure>\n\n\n\n<p>Arrivant au Campus, j\u2019aime poursuivre mon chemin, traverser la rue Waldeck Rochet et m\u2019engager dans la rue de Saint-Gobain. Je pars pour une petite ballade avant de retrouver mon bureau. L\u2019atmosph\u00e8re change brusquement. La travers\u00e9e du carrefour fait basculer dans un autre monde. Les voitures stationnent sur les trottoirs. Je marche dans la rue, restant attentif aux v\u00e9hicules arrivant par derri\u00e8re. La voirie est plut\u00f4t en mauvais \u00e9tat&nbsp;; les jours de pluie les flaques sont tra\u00eetresses. Au sol, des \u00e9panchements d\u2019huile de vidange et des cartons que les r\u00e9parateurs utilisent pour se prot\u00e9ger lorsqu\u2019ils se glissent sous un v\u00e9hicule. Les m\u00e9caniciens sont au travail&nbsp;; je les contourne et j\u2019en profite pour les observer. Il est rare qu\u2019ils travaillent seuls. Souvent l\u2019un deux est pench\u00e9 sur le moteur ou au travail allong\u00e9 sur la chauss\u00e9e, pendant qu\u2019un autre patiente \u00e0 ses c\u00f4t\u00e9s&nbsp;; ils peuvent se retrouver \u00e0 deux ou trois \u00e0 \u00e9changer aupr\u00e8s de la voiture ou de la camionnette en r\u00e9paration. Parfois, je remarque le propri\u00e9taire du v\u00e9hicule qui patiente \u00e0 proximit\u00e9. Quand je les croise, les m\u00e9caniciens me jettent un coup d\u2019\u0153il&nbsp;; je suis familier des lieux, eux en sont des habitu\u00e9s. Ont-ils fini par me \u00ab&nbsp;rep\u00e9rer&nbsp;\u00bb&nbsp;? De temps en temps, quand l\u2019envie me vient de prendre une photo, je m\u2019approche d\u2019eux pour le leur signaler et leur pr\u00e9ciser que je ferai attention \u00e0 ne pas les cadrer. Et quand je m\u2019\u00e9loigne, je les salue, geste qu\u2019ils me retournent. Je n\u2019ai pas encore os\u00e9 leur demander l\u2019autorisation de photographier l\u2019un de leurs ateliers de r\u00e9paration. Leurs outils sont d\u00e9pos\u00e9s au sol \u00e0 proximit\u00e9 du v\u00e9hicule, regroup\u00e9s souvent sur un morceau de tissu&nbsp;; je n\u2019ai jamais remarqu\u00e9 de v\u00e9ritables \u00ab&nbsp;caisses \u00e0 outils&nbsp;\u00bb. Par contre, j\u2019ai souvent aper\u00e7u leurs outils rang\u00e9s \u00e0 l\u2019int\u00e9rieur d\u2019un coffre, laiss\u00e9 ouvert, ou dans une camionnette dont la porti\u00e8re est rest\u00e9e entreb\u00e2ill\u00e9e. Tout le c\u00f4t\u00e9 gauche de la rue de Saint-Gobin, le long du mur aveugle de l\u2019entreprise du m\u00eame nom, est devenu, et depuis longtemps, un atelier \u00e0 ciel ouvert, en continu, avec souvent plusieurs r\u00e9parations en cours. Des ateliers s\u2019organisent aussi sur le trottoir d\u2019en face, c\u00f4t\u00e9 droit en remontant vers le Cifa, car, m\u00eame si la rue longe \u00e0 cet endroit une r\u00e9sidence, il n\u2019y a pas d\u2019entr\u00e9es d\u2019immeuble donnant directement sur cette partie de la rue. Les m\u00e9caniciens ne d\u00e9rangent aucun voisin, et ils ont donc pu \u00e9tendre leur activit\u00e9 sur toute cette longueur de voirie. Je doute que des riverains garent leur voiture \u00e0 cet endroit, les v\u00e9hicules en stationnement sont en r\u00e9paration ou en attente de r\u00e9paration, ainsi qu\u2019il arrive dans un garage ordinaire lorsqu\u2019un v\u00e9hicule patiente le temps de trouver la pi\u00e8ce de rechange et de pourvoir poursuivre la r\u00e9paration.<\/p>\n\n\n\n<p>Plus avant, \u00e0 l\u2019approche du CIFA (grossistes en v\u00eatements), l\u2019agitation de la rue s\u2019accro\u00eet. Les camions de livraison se garent en double file. Je me glisse entre une voiture et une camionnette. Je prends garde de ne pas heurter un des livreurs en plein travail au cul de son camion. Devant moi, un employ\u00e9 pousse son diable charg\u00e9 de plusieurs cartons, plus loin un autre tire derri\u00e8re lui son diable, maintenant d\u00e9charg\u00e9, et p\u00e9n\u00e8tre dans le d\u00e9p\u00f4t. L\u2019entr\u00e9e du CIFA est souvent tr\u00e8s encombr\u00e9e, entre v\u00e9hicules de livraison qui entrent et sortent, et employ\u00e9s qui man\u0153uvrent au milieu avec leurs chargements de cartons. Si je poursuis mon chemin, la rue se calme progressivement, pour atteindre tout au loin le quai Lucien Lefranc et le canal de Saint-Denis.<\/p>\n\n\n\n<p>Comme l\u2019\u00e9crit Bruce B\u00e9gout, \u00ab&nbsp;Tr\u00e8s souvent, les premiers moments d\u2019une entr\u00e9e, soudaine ou progressive, dans une atmosph\u00e8re sont les plus marquants. L\u2019av\u00e8nement d\u2019une ambiance \u2013 ou l\u2019intrusion du sujet dans une ambiance qui \u00e9tait d\u00e9j\u00e0 l\u00e0 \u2013 poss\u00e8de un relief tonal particuli\u00e8rement perceptible. Tout de suite, en passant d\u2019une situation \u00e0 une autre, l\u2019homme ressent une impression d\u2019ensemble qui donne le ton&nbsp;\u00bb [1]. En quittant l\u2019avenue Almicar Cabral, apr\u00e8s avoir franchi la rue Waldeck Rousseau, le marcheur change radicalement d\u2019ambiance urbaine, et passe brusquement d\u2019un monde \u00e0 un autre&nbsp;; il laisse derri\u00e8re lui un paysage urbain \u00ab&nbsp;design\u00e9&nbsp;\u00bb, esth\u00e9tis\u00e9 et \u00ab&nbsp;paysag\u00e9&nbsp;\u00bb, comme les am\u00e9nageurs s\u2019emploient \u00e0 le faire aujourd\u2019hui, syst\u00e9matiquement, en recourant \u00e0 un lexique visuel et fonctionnel sans surprise, largement \u00e9tay\u00e9 par des mat\u00e9riaux et \u00e9quipements standardis\u00e9s, produits en masse par les majors du b\u00e2timent et des travaux publics \u2013 un lexique qui signe l\u2019h\u00e9g\u00e9monie d\u2019une ambiance urbaine \u00e0 l\u2019\u00e9poque de son industrialisation esth\u00e9tique [2].<\/p>\n\n\n\n<figure class=\"wp-block-gallery columns-3 is-cropped wp-block-gallery-2 is-layout-flex wp-block-gallery-is-layout-flex\"><ul class=\"blocks-gallery-grid\"><li class=\"blocks-gallery-item\"><figure><a href=\"https:\/\/www.fabriquesdesociologie.net\/LaPlaine\/wp-content\/uploads\/2021\/04\/Rue-de-Saint-Gobain_mars-2021-5.jpg\" data-lbwps-width=\"3000\" data-lbwps-height=\"4000\" data-lbwps-srcsmall=\"https:\/\/www.fabriquesdesociologie.net\/LaPlaine\/wp-content\/uploads\/2021\/04\/Rue-de-Saint-Gobain_mars-2021-5-225x300.jpg\"><img loading=\"lazy\" decoding=\"async\" width=\"768\" height=\"1024\" src=\"https:\/\/www.fabriquesdesociologie.net\/LaPlaine\/wp-content\/uploads\/2021\/04\/Rue-de-Saint-Gobain_mars-2021-5-768x1024.jpg\" alt=\"\" data-id=\"203\" data-link=\"https:\/\/www.fabriquesdesociologie.net\/LaPlaine\/index.php\/2021\/04\/05\/ambiances\/rue-de-saint-gobain_mars-2021-5\/\" class=\"wp-image-203\" srcset=\"https:\/\/www.fabriquesdesociologie.net\/LaPlaine\/wp-content\/uploads\/2021\/04\/Rue-de-Saint-Gobain_mars-2021-5-768x1024.jpg 768w, https:\/\/www.fabriquesdesociologie.net\/LaPlaine\/wp-content\/uploads\/2021\/04\/Rue-de-Saint-Gobain_mars-2021-5-225x300.jpg 225w, https:\/\/www.fabriquesdesociologie.net\/LaPlaine\/wp-content\/uploads\/2021\/04\/Rue-de-Saint-Gobain_mars-2021-5-1152x1536.jpg 1152w, https:\/\/www.fabriquesdesociologie.net\/LaPlaine\/wp-content\/uploads\/2021\/04\/Rue-de-Saint-Gobain_mars-2021-5-1536x2048.jpg 1536w, https:\/\/www.fabriquesdesociologie.net\/LaPlaine\/wp-content\/uploads\/2021\/04\/Rue-de-Saint-Gobain_mars-2021-5-1080x1440.jpg 1080w, https:\/\/www.fabriquesdesociologie.net\/LaPlaine\/wp-content\/uploads\/2021\/04\/Rue-de-Saint-Gobain_mars-2021-5-scaled.jpg 1920w\" sizes=\"auto, (max-width: 768px) 100vw, 768px\" \/><\/a><\/figure><\/li><li class=\"blocks-gallery-item\"><figure><a href=\"https:\/\/www.fabriquesdesociologie.net\/LaPlaine\/wp-content\/uploads\/2021\/04\/Rue-de-Saint-Gobain_mars-2021-2.jpg\" data-lbwps-width=\"3000\" data-lbwps-height=\"4000\" data-lbwps-srcsmall=\"https:\/\/www.fabriquesdesociologie.net\/LaPlaine\/wp-content\/uploads\/2021\/04\/Rue-de-Saint-Gobain_mars-2021-2-225x300.jpg\"><img loading=\"lazy\" decoding=\"async\" width=\"768\" height=\"1024\" src=\"https:\/\/www.fabriquesdesociologie.net\/LaPlaine\/wp-content\/uploads\/2021\/04\/Rue-de-Saint-Gobain_mars-2021-2-768x1024.jpg\" alt=\"\" data-id=\"205\" data-link=\"https:\/\/www.fabriquesdesociologie.net\/LaPlaine\/index.php\/2021\/04\/05\/ambiances\/rue-de-saint-gobain_mars-2021-2\/\" class=\"wp-image-205\" srcset=\"https:\/\/www.fabriquesdesociologie.net\/LaPlaine\/wp-content\/uploads\/2021\/04\/Rue-de-Saint-Gobain_mars-2021-2-768x1024.jpg 768w, https:\/\/www.fabriquesdesociologie.net\/LaPlaine\/wp-content\/uploads\/2021\/04\/Rue-de-Saint-Gobain_mars-2021-2-225x300.jpg 225w, https:\/\/www.fabriquesdesociologie.net\/LaPlaine\/wp-content\/uploads\/2021\/04\/Rue-de-Saint-Gobain_mars-2021-2-1152x1536.jpg 1152w, https:\/\/www.fabriquesdesociologie.net\/LaPlaine\/wp-content\/uploads\/2021\/04\/Rue-de-Saint-Gobain_mars-2021-2-1536x2048.jpg 1536w, https:\/\/www.fabriquesdesociologie.net\/LaPlaine\/wp-content\/uploads\/2021\/04\/Rue-de-Saint-Gobain_mars-2021-2-1080x1440.jpg 1080w, https:\/\/www.fabriquesdesociologie.net\/LaPlaine\/wp-content\/uploads\/2021\/04\/Rue-de-Saint-Gobain_mars-2021-2-scaled.jpg 1920w\" sizes=\"auto, (max-width: 768px) 100vw, 768px\" \/><\/a><\/figure><\/li><li class=\"blocks-gallery-item\"><figure><a href=\"https:\/\/www.fabriquesdesociologie.net\/LaPlaine\/wp-content\/uploads\/2021\/04\/Rue-de-Saint-Gobain_mars-2021-4.jpg\" data-lbwps-width=\"3000\" data-lbwps-height=\"4000\" data-lbwps-srcsmall=\"https:\/\/www.fabriquesdesociologie.net\/LaPlaine\/wp-content\/uploads\/2021\/04\/Rue-de-Saint-Gobain_mars-2021-4-225x300.jpg\"><img loading=\"lazy\" decoding=\"async\" width=\"768\" height=\"1024\" src=\"https:\/\/www.fabriquesdesociologie.net\/LaPlaine\/wp-content\/uploads\/2021\/04\/Rue-de-Saint-Gobain_mars-2021-4-768x1024.jpg\" alt=\"\" data-id=\"206\" data-full-url=\"https:\/\/www.fabriquesdesociologie.net\/LaPlaine\/wp-content\/uploads\/2021\/04\/Rue-de-Saint-Gobain_mars-2021-4-scaled.jpg\" data-link=\"https:\/\/www.fabriquesdesociologie.net\/LaPlaine\/index.php\/2021\/04\/05\/ambiances\/rue-de-saint-gobain_mars-2021-4\/\" class=\"wp-image-206\" srcset=\"https:\/\/www.fabriquesdesociologie.net\/LaPlaine\/wp-content\/uploads\/2021\/04\/Rue-de-Saint-Gobain_mars-2021-4-768x1024.jpg 768w, https:\/\/www.fabriquesdesociologie.net\/LaPlaine\/wp-content\/uploads\/2021\/04\/Rue-de-Saint-Gobain_mars-2021-4-225x300.jpg 225w, https:\/\/www.fabriquesdesociologie.net\/LaPlaine\/wp-content\/uploads\/2021\/04\/Rue-de-Saint-Gobain_mars-2021-4-1152x1536.jpg 1152w, https:\/\/www.fabriquesdesociologie.net\/LaPlaine\/wp-content\/uploads\/2021\/04\/Rue-de-Saint-Gobain_mars-2021-4-1536x2048.jpg 1536w, https:\/\/www.fabriquesdesociologie.net\/LaPlaine\/wp-content\/uploads\/2021\/04\/Rue-de-Saint-Gobain_mars-2021-4-1080x1440.jpg 1080w, https:\/\/www.fabriquesdesociologie.net\/LaPlaine\/wp-content\/uploads\/2021\/04\/Rue-de-Saint-Gobain_mars-2021-4-scaled.jpg 1920w\" sizes=\"auto, (max-width: 768px) 100vw, 768px\" \/><\/a><\/figure><\/li><\/ul><\/figure>\n\n\n\n<p>Pass\u00e9 le carrefour, l\u2019agitation de la ville (re)devient palpable. Les am\u00e9nagements paysag\u00e9, le (re)design urbain sont renvoy\u00e9s loin en arri\u00e8re. Le corps, soudainement, bascule dans une toute autre atmosph\u00e8re. Quand je bifurque dans la rue de Saint-Gobain, au lieu de poursuivre sur ma droite pour rejoindre le B\u00e2timent recherche Nord, je le fais souvent sans l\u2019avoir vraiment anticip\u00e9. Je poursuis mon chemin dans l\u2019attente de \u00ab\u00a0quelque chose\u00a0\u00bb, un quelque chose qui ne se d\u00e9crit pas, ne se formule pas si facilement. J\u2019aspire \u00e0 ce moment o\u00f9 \u00ab\u00a0quelque chose\u00a0\u00bb survient, ce moment o\u00f9 je vais ressentir autrement le quartier, ou je vais le sentir vivre diff\u00e9remment, ce moment o\u00f9 m\u2019attend une exp\u00e9rience que je ne rencontre pas ailleurs. Quand je m\u2019avance dans la rue de Saint-Gobain, intuitivement, sans l\u2019amener \u00e0 conscience, je sais que \u00ab\u00a0quelque chose\u00a0\u00bb va advenir et que je serai in\u00e9vitablement pris par surprise par un infime \u00e9v\u00e9nement qui attire l\u2019attention, qui intrigue et qui invite \u00e0 d\u00e9couvrir toujours plus et encore mieux la ville. Mon regard s\u2019arr\u00eatera sur un livreur aux prises avec son diable surcharg\u00e9, malcommode \u00e0 man\u0153uvrer sur un rev\u00eatement fait de creux et de bosses. Mon attention sera attir\u00e9e par quatre m\u00e9caniciens de rue attroup\u00e9s devant un v\u00e9hicule, en train de discuter\u00a0; et je m\u2019imaginerai qu\u2019ils sont confront\u00e9s \u00e0 une difficult\u00e9 technique qu\u2019ils tentent de solutionner en puisant, chacun, dans son expertise professionnelle. Si le temps est pluvieux, je ne manquerai pas de mettre un pied dans un nid de poule empli d\u2019eau m\u00eal\u00e9e d\u2019huile. J\u2019en laisserai peut-\u00eatre quelques traces au sol lorsque j\u2019entrerai dans le hall du B\u00e2timent recherche. Mon attention est sollicit\u00e9e\u00a0; elle l\u2019est parce que mon regard attrape de nombreux signes d\u2019activit\u00e9 qui, tous, attisent ma curiosit\u00e9. Elle l\u2019est parce que mon corps se trouve in\u00e9vitablement en inconfort car la rue r\u00e9serve beaucoup de pi\u00e8ges, ne serait-ce que par la d\u00e9gradation de la chauss\u00e9e ou par la densit\u00e9 de la circulation. La rue de Saint-Gobain introduit dans un \u00ab\u00a0monde du travail\u00a0\u00bb. Des m\u00e9caniciens, des transporteurs, des livreurs. L\u2019ambiance change profond\u00e9ment, et renvoie des sonorit\u00e9s plus abruptes, des sensations physiques plus rugueuses, ne serait-ce que sous les pieds avec l\u2019asphalte d\u00e9grad\u00e9. Des perceptions plus vives. L\u2019ambiance rend plus de relief, l\u2019atmosph\u00e8re plus d\u2019asp\u00e9rit\u00e9s.<\/p>\n\n\n\n<p>Une ambiance est ce \u00ab\u00a0quelque chose\u00a0\u00bb qui tra\u00eene dans l\u2019air, qui nous affecte sans que nous puissions compl\u00e8tement discerner ce qui nous saisit et ce qui advient de nous. Elle est \u00e0 la fois pleinement pr\u00e9sente, et non remarqu\u00e9e. Elle nous enveloppe. D\u00e8s que je traverse la rue pour entrer dans la rue de Saint-Gobain, je la ressens bien avant de pouvoir en percevoir les d\u00e9tails. Les activit\u00e9s de la rue, ses bruits, son agitation m\u2019atteindront en deuxi\u00e8me temps, plus avant dans la rue, quand j\u2019aurai suffisamment avanc\u00e9 et que je pourrai observer les situations en proximit\u00e9 directe. Une ambiance ne peut \u00eatre saisie qu\u2019apr\u00e8s avoir \u00e9t\u00e9 \u00e9prouv\u00e9e\u00a0; elle fait signe, elle attire l\u2019attention, elle affecte. Ensuite, ce qui a \u00e9t\u00e9 ressenti peut commencer \u00e0 \u00eatre per\u00e7u, ce qui a \u00e9t\u00e9 \u00e0 peine effleur\u00e9 parvient progressivement \u00e0 \u00eatre caract\u00e9ris\u00e9.<\/p>\n\n\n\n<p>\u00c0 n\u2019en pas douter, le passage de l\u2019avenue Amilcar Cabral \u00e0 la rue de Saint-Gobain, me fait \u00e0 chaque fois glisser d\u2019un monde \u00e0 un autre, d\u2019un monde \u00e9mergent, celui des cols blancs du Campus Condorcet, dont je sais encore peu de choses, vers un monde existant, solidement ancr\u00e9 de longue date dans la vie de La Plaine Saint-Denis, un monde de labeur, celui des corps au travail, des corps pench\u00e9s sur un moteur ou \u00e0 la pouss\u00e9e d\u2019un diable, celui des savoir-faire ouvriers. L\u2019atmosph\u00e8re est plus agit\u00e9e, plus en contraste. Plus dense aussi. Physiquement palpable [3]. Dans la rue Saint-Gobain, La Plaine historique r\u00e9siste. Le pass\u00e9 affleure. Et j\u2019aspire \u00e0 croire que j\u2019en (re)d\u00e9couvre un peu l\u2019ambiance. La remont\u00e9e de la rue de Saint-Gobain est peut-\u00eatre aussi, en imagination, une mont\u00e9e dans le pass\u00e9.<\/p>\n\n\n\n<p><a href=\"http:\/\/www.pnls.fr\" target=\"_blank\" rel=\"noreferrer noopener\">Pascal NICOLAS-LE STRAT<\/a>, mars 2021<\/p>\n\n\n\n<p>[1] Bruce B\u00c9GOUT, <em>Le concept d\u2019ambiance<\/em>, Seuil, 2020, p. 146. La r\u00e9daction de cette chronique est grandement redevable \u00e0 la lecture de cet ouvrage.<\/p>\n\n\n\n<p>[2] Un clin d\u2019\u0153il facile \u00e0 Walter benjamin et sa c\u00e9l\u00e8bre th\u00e8se sur \u00ab&nbsp;<em>L&rsquo;\u0152uvre d&rsquo;art \u00e0 l&rsquo;\u00e9poque de sa reproductibilit\u00e9 technique&nbsp;\u00bb.<\/em><\/p>\n\n\n\n<p>[3] Une \u00ab&nbsp;unit\u00e9 d\u2019ambiance&nbsp;\u00bb ainsi que les situationnistes pourraient la nommer dans leurs th\u00e8ses sur la psychog\u00e9ographie. Cf. Guy Debord, \u00ab&nbsp;Introduction \u00e0 une critique de la g\u00e9ographie urbaine&nbsp;\u00bb, en ligne&nbsp;: <a href=\"https:\/\/www.larevuedesressources.org\/introduction-a-une-critique-de-la-geographie-urbaine,033.html\" target=\"_blank\" rel=\"noreferrer noopener\">https:\/\/www.larevuedesressources.org\/introduction-a-une-critique-de-la-geographie-urbaine,033.html<\/a>, publi\u00e9 initialement in <em>Les l\u00e8vres nues<\/em> n\u00b0&nbsp;6, Bruxelles, 1955.<\/p>\n","protected":false},"excerpt":{"rendered":"<p>Rejoignant le Nord du Campus Condorcet depuis le quartier de la Porte de Paris en centre-ville de Saint-Denis, apr\u00e8s avoir contourn\u00e9 le Stade de France et d\u00e9pass\u00e9 la station du RER B, je d\u00e9bouche sur l\u2019avenue Amilcar Cabral apr\u00e8s avoir emprunt\u00e9 le mail des Maraichers et, en quelques m\u00e8tres, cette &hellip;<\/p>\n","protected":false},"author":3,"featured_media":0,"comment_status":"closed","ping_status":"open","sticky":false,"template":"","format":"standard","meta":{"footnotes":""},"categories":[1],"tags":[],"class_list":["post-198","post","type-post","status-publish","format-standard","hentry","category-non-classe"],"_links":{"self":[{"href":"https:\/\/www.fabriquesdesociologie.net\/LaPlaine\/index.php\/wp-json\/wp\/v2\/posts\/198","targetHints":{"allow":["GET"]}}],"collection":[{"href":"https:\/\/www.fabriquesdesociologie.net\/LaPlaine\/index.php\/wp-json\/wp\/v2\/posts"}],"about":[{"href":"https:\/\/www.fabriquesdesociologie.net\/LaPlaine\/index.php\/wp-json\/wp\/v2\/types\/post"}],"author":[{"embeddable":true,"href":"https:\/\/www.fabriquesdesociologie.net\/LaPlaine\/index.php\/wp-json\/wp\/v2\/users\/3"}],"replies":[{"embeddable":true,"href":"https:\/\/www.fabriquesdesociologie.net\/LaPlaine\/index.php\/wp-json\/wp\/v2\/comments?post=198"}],"version-history":[{"count":3,"href":"https:\/\/www.fabriquesdesociologie.net\/LaPlaine\/index.php\/wp-json\/wp\/v2\/posts\/198\/revisions"}],"predecessor-version":[{"id":209,"href":"https:\/\/www.fabriquesdesociologie.net\/LaPlaine\/index.php\/wp-json\/wp\/v2\/posts\/198\/revisions\/209"}],"wp:attachment":[{"href":"https:\/\/www.fabriquesdesociologie.net\/LaPlaine\/index.php\/wp-json\/wp\/v2\/media?parent=198"}],"wp:term":[{"taxonomy":"category","embeddable":true,"href":"https:\/\/www.fabriquesdesociologie.net\/LaPlaine\/index.php\/wp-json\/wp\/v2\/categories?post=198"},{"taxonomy":"post_tag","embeddable":true,"href":"https:\/\/www.fabriquesdesociologie.net\/LaPlaine\/index.php\/wp-json\/wp\/v2\/tags?post=198"}],"curies":[{"name":"wp","href":"https:\/\/api.w.org\/{rel}","templated":true}]}}