{"id":11,"date":"2019-10-30T09:04:36","date_gmt":"2019-10-30T08:04:36","guid":{"rendered":"http:\/\/www.fabriquesdesociologie.net\/LaPlaine\/?p=11"},"modified":"2020-12-29T15:04:42","modified_gmt":"2020-12-29T14:04:42","slug":"coudoyer","status":"publish","type":"post","link":"https:\/\/www.fabriquesdesociologie.net\/LaPlaine\/index.php\/2019\/10\/30\/coudoyer\/","title":{"rendered":"Coudoyer"},"content":{"rendered":"\n<p>Aujourd&rsquo;hui, mardi 22 octobre 2019, j&rsquo;ai commenc\u00e9 \u00e0 prendre mes rep\u00e8res autour du <a href=\"https:\/\/www.campus-condorcet.fr\/\" target=\"_blank\" rel=\"noreferrer noopener\" aria-label=\"Campus Condorcet (s\u2019ouvre dans un nouvel onglet)\">Campus Condorcet<\/a>, et de voisiner un peu. <\/p>\n\n\n\n<p>J&rsquo;ai d&rsquo;abord arpent\u00e9 le CIFA, qui rassemble des grossistes en v\u00eatements  (250 annonc\u00e9s) : des camionnettes, des diables, des cartons&#8230; et des v\u00eatements, des v\u00eatements, des v\u00eatements&#8230; Des camionnettes qui entrent, qui sortent, des diables en tous sens, des ballots hiss\u00e9s, charg\u00e9s, v\u00e9hicul\u00e9s. Je suis m\u00eame tomb\u00e9 sur un grossiste en vins et spiritueux, tenu par un asiatique. Ma vue m&rsquo;a emp\u00each\u00e9 de lire de loin les \u00e9tiquettes et de voir ce qui \u00e9tait propos\u00e9. Ici&nbsp;: <a href=\"https:\/\/cifa-fashion.com\/fr\/a-propos\/\">https:\/\/cifa-fashion.com\/fr\/a-propos\/<\/a>. Le CIFA est situ\u00e9 en imm\u00e9diate proximit\u00e9 de Campus Condorcet. Assez impressionnant. Au dernier \u00e9tage une vue sur une partie de La Plaine. Et un restaurant asiatique, que j&rsquo;aimerais essayer. <\/p>\n\n\n\n<p>Ensuite, de l&rsquo;autre c\u00f4t\u00e9 de la rue, je suis entr\u00e9 dans le site Saint-Gobain recherche. L\u00e0 aussi une tr\u00e8s grosse emprise fonci\u00e8re sur le quartier. Je n&rsquo;ai fait que franchir le portail pour aller discuter avec l&rsquo;agent de surveillance dans sa cahute \u00e0 l&rsquo;entr\u00e9e. Un jeune type sympa.  Nous avons discut\u00e9 de la possibilit\u00e9 de visiter le site. Je vais essayer de prendre contact. Le site remonte jusqu&rsquo;\u00e0 Campus Condorcet. Ils sont en train de d\u00e9polluer une partie du site. Et, \u00e7a, \u00e7a m&rsquo;int\u00e9resse. Mais, \u00e0 l&rsquo;entr\u00e9e, le jeune gars n&rsquo;avait ni prospectus, ni plan du site, ni carte de visite&#8230; Ils ne sont pas \u00e9quip\u00e9s pour  l&rsquo;accueil des touristes&#8230; encore moins pour la visite d&rsquo;un sociologue de passage. Court moment sympa. <\/p>\n\n\n\n<p>J&rsquo;ai contourn\u00e9 le site, et je suis arriv\u00e9 au Franprix que m&rsquo;avait  indiqu\u00e9 la jeune agente d&rsquo;accueil rencontr\u00e9e \u00e0 Campus Condorcet. Il y a aussi, attenante, une grande boulangerie (l&rsquo;un et l&rsquo;autre int\u00e9ressants si l&rsquo;on doit  faire des courses en vue d&rsquo;un pique-nique, lors d&rsquo;un de nos s\u00e9minaires). Ainsi qu&rsquo;un restaurant pakistanais. \u00c0 essayer aussi. Cela change des Brasseries de la Place du Front populaire. <\/p>\n\n\n\n<ul class=\"wp-block-gallery columns-2 is-cropped wp-block-gallery-1 is-layout-flex wp-block-gallery-is-layout-flex\"><li class=\"blocks-gallery-item\"><figure><a href=\"http:\/\/www.fabriquesdesociologie.net\/LaPlaine\/wp-content\/uploads\/2019\/10\/Rue-Saint-Gobain2_Octobre2019-e1572442050844.jpg\" data-lbwps-width=\"1836\" data-lbwps-height=\"3264\" data-lbwps-srcsmall=\"https:\/\/www.fabriquesdesociologie.net\/LaPlaine\/wp-content\/uploads\/2019\/10\/Rue-Saint-Gobain2_Octobre2019-e1572442050844-169x300.jpg\" data-lbwps-caption=\"Rue Saint Gobain, en quittant Campus Condorcet (octobre 2019)\"><img loading=\"lazy\" decoding=\"async\" width=\"576\" height=\"1024\" src=\"http:\/\/www.fabriquesdesociologie.net\/LaPlaine\/wp-content\/uploads\/2019\/10\/Rue-Saint-Gobain2_Octobre2019-e1572442050844-576x1024.jpg\" alt=\"\" data-id=\"20\" data-link=\"http:\/\/www.fabriquesdesociologie.net\/LaPlaine\/rue-saint-gobain2_octobre2019\/\" class=\"wp-image-20\" srcset=\"https:\/\/www.fabriquesdesociologie.net\/LaPlaine\/wp-content\/uploads\/2019\/10\/Rue-Saint-Gobain2_Octobre2019-e1572442050844-576x1024.jpg 576w, https:\/\/www.fabriquesdesociologie.net\/LaPlaine\/wp-content\/uploads\/2019\/10\/Rue-Saint-Gobain2_Octobre2019-e1572442050844-169x300.jpg 169w, https:\/\/www.fabriquesdesociologie.net\/LaPlaine\/wp-content\/uploads\/2019\/10\/Rue-Saint-Gobain2_Octobre2019-e1572442050844-768x1365.jpg 768w, https:\/\/www.fabriquesdesociologie.net\/LaPlaine\/wp-content\/uploads\/2019\/10\/Rue-Saint-Gobain2_Octobre2019-e1572442050844-810x1440.jpg 810w, https:\/\/www.fabriquesdesociologie.net\/LaPlaine\/wp-content\/uploads\/2019\/10\/Rue-Saint-Gobain2_Octobre2019-e1572442050844.jpg 1836w\" sizes=\"auto, (max-width: 576px) 100vw, 576px\" \/><\/a><figcaption>Rue Saint Gobain, en quittant Campus Condorcet (octobre 2019)<\/figcaption><\/figure><\/li><li class=\"blocks-gallery-item\"><figure><a href=\"http:\/\/www.fabriquesdesociologie.net\/LaPlaine\/wp-content\/uploads\/2019\/10\/Rue-Saint-Gobai_Entr\u00e9e-CIFA_Octobre2019-e1572442834531.jpg\" data-lbwps-width=\"1836\" data-lbwps-height=\"3264\" data-lbwps-srcsmall=\"https:\/\/www.fabriquesdesociologie.net\/LaPlaine\/wp-content\/uploads\/2019\/10\/Rue-Saint-Gobai_Entr\u00e9e-CIFA_Octobre2019-e1572442834531-169x300.jpg\" data-lbwps-caption=\"Rue Saint Gobain, en quittant Campus Condorcet. Entr\u00e9e CIFA (octobre 2019)\"><img loading=\"lazy\" decoding=\"async\" width=\"576\" height=\"1024\" src=\"http:\/\/www.fabriquesdesociologie.net\/LaPlaine\/wp-content\/uploads\/2019\/10\/Rue-Saint-Gobai_Entr\u00e9e-CIFA_Octobre2019-e1572442834531-576x1024.jpg\" alt=\"\" data-id=\"24\" data-link=\"http:\/\/www.fabriquesdesociologie.net\/LaPlaine\/index.php\/2019\/10\/30\/coudoyer\/rue-saint-gobai_entree-cifa_octobre2019\/\" class=\"wp-image-24\" srcset=\"https:\/\/www.fabriquesdesociologie.net\/LaPlaine\/wp-content\/uploads\/2019\/10\/Rue-Saint-Gobai_Entr\u00e9e-CIFA_Octobre2019-e1572442834531-576x1024.jpg 576w, https:\/\/www.fabriquesdesociologie.net\/LaPlaine\/wp-content\/uploads\/2019\/10\/Rue-Saint-Gobai_Entr\u00e9e-CIFA_Octobre2019-e1572442834531-169x300.jpg 169w, https:\/\/www.fabriquesdesociologie.net\/LaPlaine\/wp-content\/uploads\/2019\/10\/Rue-Saint-Gobai_Entr\u00e9e-CIFA_Octobre2019-e1572442834531-768x1365.jpg 768w, https:\/\/www.fabriquesdesociologie.net\/LaPlaine\/wp-content\/uploads\/2019\/10\/Rue-Saint-Gobai_Entr\u00e9e-CIFA_Octobre2019-e1572442834531-810x1440.jpg 810w, https:\/\/www.fabriquesdesociologie.net\/LaPlaine\/wp-content\/uploads\/2019\/10\/Rue-Saint-Gobai_Entr\u00e9e-CIFA_Octobre2019-e1572442834531.jpg 1836w\" sizes=\"auto, (max-width: 576px) 100vw, 576px\" \/><\/a><figcaption>Rue Saint Gobain, en quittant Campus Condorcet. Entr\u00e9e CIFA (octobre 2019)<\/figcaption><\/figure><\/li><\/ul>\n\n\n\n<p>En revenant vers Campus Condorcet, j&rsquo;ai commenc\u00e9 \u00e0 voisiner. J&rsquo;ai d&rsquo;abord discut\u00e9 avec un r\u00e9parateur de voiture. Je ne sais pas comment leur activit\u00e9 de rue s&rsquo;organise, et selon quelle hi\u00e9rarchie. Je me suis adress\u00e9 \u00e0 un gars assis sur une chaise pliante et qui semblait avoir l&rsquo;\u0153il sur l&rsquo;ensemble des activit\u00e9s de la rue. J&rsquo;ai \u00e9chang\u00e9 quelques mots. Il n&rsquo;\u00e9tait pas hostile, simplement surpris que je vienne m&rsquo;enqu\u00e9rir de la situation \u00e9conomique de son activit\u00e9. Effectivement, l&rsquo;ouverture de Campus Condorcet porte tort \u00e0 la r\u00e9paration de rue et beaucoup de m\u00e9caniciens s&rsquo;en vont. Il faudrait revenir r\u00e9guli\u00e8rement vers lui (vers eux) pour essayer de mieux comprendre. Trop court. <\/p>\n\n\n\n<p>Je n&rsquo;ai pas os\u00e9 entrer dans le foyer \u00ab\u00a0de migrants\u00a0\u00bb g\u00e9r\u00e9 par Opallia, au 56 rue des Fillettes. \u00c0 l&rsquo;entr\u00e9e m\u00eame du centre, un  vendeur de ma\u00efs grill\u00e9. Beaucoup d&rsquo;all\u00e9es et venues. Un terrain autour du centre qui est vraiment un d\u00e9potoir. Particuli\u00e8rement sale. Il semble qu&rsquo;une partie de ce terrain soit une friche, donc n&rsquo;est pas la propri\u00e9t\u00e9 du foyer&#8230; Mais quand m\u00eame&#8230; ! J&rsquo;ai aper\u00e7u par la vitre une salle de r\u00e9fectoire avec des personnes qui finissaient de manger, quasiment que des personnes noires. Il faudrait r\u00e9ussir \u00e0  prendre contact. L\u00e0, j&rsquo;\u00e9tais vraiment un blanc. J&rsquo;aurais peut-\u00eatre pu entrer et serais sans doute pass\u00e9 pour un \u00ab\u00a0chef\u00a0\u00bb du travail social. <\/p>\n\n\n\n<p>Un peu plus loin, je me suis arr\u00eat\u00e9 longuement pour discuter avec un agent d&rsquo;entretien de Plaine Commune. Il changeait les sacs des poubelles. C&rsquo;est un monsieur, tout en rondeur, avec des lunettes aux verres \u00e9pais. Je le resituerai facilement. J&rsquo;ai oubli\u00e9 de lui demander son pr\u00e9nom. Il m&rsquo;a cit\u00e9 tous les chantiers en cours. Il me confirme que tous les ateliers en face de Condorcet, l\u00e0 o\u00f9 il y a l&rsquo;entrep\u00f4t de r\u00e9cup\u00e9ration des m\u00e9taux, vont progressivement sauter. \u00ab\u00a0Ils d\u00e9truisent et \u00e7a reconstruit aussi vite\u00a0\u00bb. Il a une grande anciennet\u00e9 ; il a travaill\u00e9 en centre-ville de Saint-Denis et disait que  c&rsquo;\u00e9tait l\u00e0 le plus p\u00e9nible. \u00c0 La Plaine, il trouve que c&rsquo;est bien, c&rsquo;est  tranquille. Les agents d&rsquo;entretien sont localis\u00e9s au rez-de-chauss\u00e9e des locaux de Plaine Commune, en face du Stade de France, juste \u00e0 c\u00f4t\u00e9 de D\u00e9cathlon.<\/p>\n\n\n\n<p>Enfin, en rejoignant le passage des mara\u00eechers pour reprendre la route  vers le centre de Saint-Denis, je me suis arr\u00eat\u00e9 pour discuter avec Nadia (l\u00e0 je n&rsquo;ai pas oubli\u00e9 de demander le pr\u00e9nom). Je l&rsquo;ai aper\u00e7ue sortant de l&rsquo;\u00e9cole avec un tr\u00e8s gros trousseau de cl\u00e9s. J&rsquo;ai acc\u00e9l\u00e9r\u00e9 le pas pour la rejoindre. Elle est gardienne \u00e0 l&rsquo;\u00e9cole, employ\u00e9e de la ville, mais elle n&rsquo;y a pas de logement de fonction. Elle ne voit pas d&rsquo;inconv\u00e9nient \u00e0 nous faire visiter l&rsquo;\u00e9cole, si elle obtient l&rsquo;accord de la directrice. C&rsquo;est l&rsquo;\u00e9cole la plus proche de Campus Condorcet. Nadia me parlait de pas mal de bagarres dans ce passage, donc entre groupes de jeunes. Les voitures de police ne peuvent pas y p\u00e9n\u00e9trer. Je ne sais pas si un \u00e9v\u00e9nement en particulier a marqu\u00e9 les esprits (elle me dit que l&rsquo;\u00e9cole a d\u00fb appeler la police et les pompiers. Elle parlait au pluriel) ou si un tel \u00e9v\u00e9nement se produit r\u00e9guli\u00e8rement. <\/p>\n\n\n\n<ul class=\"wp-block-gallery columns-2 is-cropped wp-block-gallery-2 is-layout-flex wp-block-gallery-is-layout-flex\"><li class=\"blocks-gallery-item\"><figure><a href=\"http:\/\/www.fabriquesdesociologie.net\/LaPlaine\/wp-content\/uploads\/2019\/10\/Sociologue.-Pieds-devant-Octobre-2019-e1572443232249.jpg\" data-lbwps-width=\"1836\" data-lbwps-height=\"3264\" data-lbwps-srcsmall=\"https:\/\/www.fabriquesdesociologie.net\/LaPlaine\/wp-content\/uploads\/2019\/10\/Sociologue.-Pieds-devant-Octobre-2019-e1572443232249-169x300.jpg\" data-lbwps-caption=\"Sociologue. Pieds devant. Suivez le guide (octobre 2019)\"><img loading=\"lazy\" decoding=\"async\" width=\"576\" height=\"1024\" src=\"http:\/\/www.fabriquesdesociologie.net\/LaPlaine\/wp-content\/uploads\/2019\/10\/Sociologue.-Pieds-devant-Octobre-2019-e1572443232249-576x1024.jpg\" alt=\"\" data-id=\"28\" data-link=\"http:\/\/www.fabriquesdesociologie.net\/LaPlaine\/sociologue-pieds-devant-octobre-2019\/\" class=\"wp-image-28\" srcset=\"https:\/\/www.fabriquesdesociologie.net\/LaPlaine\/wp-content\/uploads\/2019\/10\/Sociologue.-Pieds-devant-Octobre-2019-e1572443232249-576x1024.jpg 576w, https:\/\/www.fabriquesdesociologie.net\/LaPlaine\/wp-content\/uploads\/2019\/10\/Sociologue.-Pieds-devant-Octobre-2019-e1572443232249-169x300.jpg 169w, https:\/\/www.fabriquesdesociologie.net\/LaPlaine\/wp-content\/uploads\/2019\/10\/Sociologue.-Pieds-devant-Octobre-2019-e1572443232249-768x1365.jpg 768w, https:\/\/www.fabriquesdesociologie.net\/LaPlaine\/wp-content\/uploads\/2019\/10\/Sociologue.-Pieds-devant-Octobre-2019-e1572443232249-810x1440.jpg 810w, https:\/\/www.fabriquesdesociologie.net\/LaPlaine\/wp-content\/uploads\/2019\/10\/Sociologue.-Pieds-devant-Octobre-2019-e1572443232249.jpg 1836w\" sizes=\"auto, (max-width: 576px) 100vw, 576px\" \/><\/a><figcaption>Sociologue. Pieds devant. Suivez le guide (octobre 2019)<\/figcaption><\/figure><\/li><li class=\"blocks-gallery-item\"><figure><a href=\"http:\/\/www.fabriquesdesociologie.net\/LaPlaine\/wp-content\/uploads\/2019\/10\/Passage-des-Mara\u00eechers_octobre-2019-e1572442099540.jpg\" data-lbwps-width=\"1836\" data-lbwps-height=\"3264\" data-lbwps-srcsmall=\"https:\/\/www.fabriquesdesociologie.net\/LaPlaine\/wp-content\/uploads\/2019\/10\/Passage-des-Mara\u00eechers_octobre-2019-e1572442099540-169x300.jpg\" data-lbwps-caption=\"Passages des Mara\u00eechers. En route pour un prochain chantier (Octobre 2019)\"><img loading=\"lazy\" decoding=\"async\" width=\"576\" height=\"1024\" src=\"http:\/\/www.fabriquesdesociologie.net\/LaPlaine\/wp-content\/uploads\/2019\/10\/Passage-des-Mara\u00eechers_octobre-2019-e1572442099540-576x1024.jpg\" alt=\"\" data-id=\"18\" data-link=\"http:\/\/www.fabriquesdesociologie.net\/LaPlaine\/passage-des-maraichers_octobre-2019\/\" class=\"wp-image-18\" srcset=\"https:\/\/www.fabriquesdesociologie.net\/LaPlaine\/wp-content\/uploads\/2019\/10\/Passage-des-Mara\u00eechers_octobre-2019-e1572442099540-576x1024.jpg 576w, https:\/\/www.fabriquesdesociologie.net\/LaPlaine\/wp-content\/uploads\/2019\/10\/Passage-des-Mara\u00eechers_octobre-2019-e1572442099540-169x300.jpg 169w, https:\/\/www.fabriquesdesociologie.net\/LaPlaine\/wp-content\/uploads\/2019\/10\/Passage-des-Mara\u00eechers_octobre-2019-e1572442099540-768x1365.jpg 768w, https:\/\/www.fabriquesdesociologie.net\/LaPlaine\/wp-content\/uploads\/2019\/10\/Passage-des-Mara\u00eechers_octobre-2019-e1572442099540-810x1440.jpg 810w, https:\/\/www.fabriquesdesociologie.net\/LaPlaine\/wp-content\/uploads\/2019\/10\/Passage-des-Mara\u00eechers_octobre-2019-e1572442099540.jpg 1836w\" sizes=\"auto, (max-width: 576px) 100vw, 576px\" \/><\/a><figcaption>Passages des Mara\u00eechers. En route pour un prochain chantier (Octobre 2019)<\/figcaption><\/figure><\/li><\/ul>\n\n\n\n<p>Je n&rsquo;ai aucune id\u00e9e de ce que ces menus coudoiements peuvent amorcer comme recherche. Mais cette petite <a rel=\"noreferrer noopener\" aria-label=\"d\u00e9rive (s\u2019ouvre dans un nouvel onglet)\" href=\"http:\/\/ecolemutuelle.fabriquesdesociologie.net\/idee-de-derive-derive-des-idees-2\/\" target=\"_blank\">d\u00e9rive<\/a> en voisinages a \u00e9t\u00e9 vraiment tr\u00e8s sympa. Je reviendrai vers le monsieur aux lunettes, et s\u00fbrement vers Nadia. <\/p>\n\n\n\n<p> [Pascal Nicolas-Le Strat, 25 octobre 2019] <br><\/p>\n","protected":false},"excerpt":{"rendered":"<p>Aujourd&rsquo;hui, mardi 22 octobre 2019, j&rsquo;ai commenc\u00e9 \u00e0 prendre mes rep\u00e8res autour du Campus Condorcet, et de voisiner un peu. J&rsquo;ai d&rsquo;abord arpent\u00e9 le CIFA, qui rassemble des grossistes en v\u00eatements (250 annonc\u00e9s) : des camionnettes, des diables, des cartons&#8230; et des v\u00eatements, des v\u00eatements, des v\u00eatements&#8230; Des camionnettes qui &hellip;<\/p>\n","protected":false},"author":3,"featured_media":0,"comment_status":"closed","ping_status":"open","sticky":false,"template":"","format":"standard","meta":{"footnotes":""},"categories":[1],"tags":[],"class_list":["post-11","post","type-post","status-publish","format-standard","hentry","category-non-classe"],"_links":{"self":[{"href":"https:\/\/www.fabriquesdesociologie.net\/LaPlaine\/index.php\/wp-json\/wp\/v2\/posts\/11","targetHints":{"allow":["GET"]}}],"collection":[{"href":"https:\/\/www.fabriquesdesociologie.net\/LaPlaine\/index.php\/wp-json\/wp\/v2\/posts"}],"about":[{"href":"https:\/\/www.fabriquesdesociologie.net\/LaPlaine\/index.php\/wp-json\/wp\/v2\/types\/post"}],"author":[{"embeddable":true,"href":"https:\/\/www.fabriquesdesociologie.net\/LaPlaine\/index.php\/wp-json\/wp\/v2\/users\/3"}],"replies":[{"embeddable":true,"href":"https:\/\/www.fabriquesdesociologie.net\/LaPlaine\/index.php\/wp-json\/wp\/v2\/comments?post=11"}],"version-history":[{"count":3,"href":"https:\/\/www.fabriquesdesociologie.net\/LaPlaine\/index.php\/wp-json\/wp\/v2\/posts\/11\/revisions"}],"predecessor-version":[{"id":81,"href":"https:\/\/www.fabriquesdesociologie.net\/LaPlaine\/index.php\/wp-json\/wp\/v2\/posts\/11\/revisions\/81"}],"wp:attachment":[{"href":"https:\/\/www.fabriquesdesociologie.net\/LaPlaine\/index.php\/wp-json\/wp\/v2\/media?parent=11"}],"wp:term":[{"taxonomy":"category","embeddable":true,"href":"https:\/\/www.fabriquesdesociologie.net\/LaPlaine\/index.php\/wp-json\/wp\/v2\/categories?post=11"},{"taxonomy":"post_tag","embeddable":true,"href":"https:\/\/www.fabriquesdesociologie.net\/LaPlaine\/index.php\/wp-json\/wp\/v2\/tags?post=11"}],"curies":[{"name":"wp","href":"https:\/\/api.w.org\/{rel}","templated":true}]}}